{"id":10430,"date":"2022-05-07T17:35:55","date_gmt":"2022-05-07T17:35:55","guid":{"rendered":"http:\/\/paroquiagloria.org\/v2\/?p=10430"},"modified":"2022-05-07T18:45:19","modified_gmt":"2022-05-07T18:45:19","slug":"semana-das-vocacoes-3","status":"publish","type":"post","link":"http:\/\/paroquiagloria.org\/v2\/?p=10430","title":{"rendered":"Semana das Voca\u00e7\u00f5es"},"content":{"rendered":"\n<figure class=\"wp-block-image size-full\"><a href=\"http:\/\/paroquiagloria.org\/v2\/wp-content\/uploads\/2022\/04\/semanavaocaoes_banner.jpg\"><img loading=\"lazy\" width=\"960\" height=\"340\" src=\"http:\/\/paroquiagloria.org\/v2\/wp-content\/uploads\/2022\/04\/semanavaocaoes_banner.jpg\" alt=\"\" class=\"wp-image-10393\" srcset=\"http:\/\/paroquiagloria.org\/v2\/wp-content\/uploads\/2022\/04\/semanavaocaoes_banner.jpg 960w, http:\/\/paroquiagloria.org\/v2\/wp-content\/uploads\/2022\/04\/semanavaocaoes_banner-300x106.jpg 300w, http:\/\/paroquiagloria.org\/v2\/wp-content\/uploads\/2022\/04\/semanavaocaoes_banner-768x272.jpg 768w\" sizes=\"(max-width: 960px) 100vw, 960px\" \/><\/a><\/figure>\n\n\n\n<p>Termina este Domingo a <strong>Semana de ora\u00e7\u00e3o pelas Voca\u00e7\u00f5es<\/strong>, mas n\u00e3o termina a nossa ora\u00e7\u00e3o por todos aqueles que j\u00e1 encontraram o caminho de felicidade que Deus tem para eles, seja no matrim\u00f3nio, na vida religiosa, no sacerd\u00f3cio ou na vida laical e mission\u00e1ria, mas continuemos a rezar tamb\u00e9m para que muitos estejam atentos aos sinais de Deus e deem a resposta ao projeto de Deus para si.<\/p>\n\n\n\n<p><\/p>\n\n\n\n<figure class=\"wp-block-pullquote has-black-color has-white-background-color has-text-color has-background\"><blockquote><p><strong>\u201cSenhor, nosso Pai e Criador,<br>Deus da hist\u00f3ria, da vida e da beleza,<br>do sonho e da realidade,<br>n\u00f3s Te pedimos:<br>ensina-nos a tecer e a entrela\u00e7ar<br>a nossa hist\u00f3ria pessoal e comunit\u00e1ria<br>com os fios do Teu amor!\u201d<\/strong><br><\/p><cite>(excerto da ora\u00e7\u00e3o da Semana das Voca\u00e7\u00f5es)<\/cite><\/blockquote><\/figure>\n","protected":false},"excerpt":{"rendered":"<p>Termina este Domingo a Semana de ora\u00e7\u00e3o pelas Voca\u00e7\u00f5es, mas n\u00e3o termina a nossa ora\u00e7\u00e3o por todos aqueles que j\u00e1 encontraram o caminho de felicidade que Deus tem para eles, seja no matrim\u00f3nio, na vida religiosa, no sacerd\u00f3cio ou na vida laical e mission\u00e1ria, mas continuemos a rezar tamb\u00e9m para que muitos estejam atentos aos [&hellip;]<\/p>\n","protected":false},"author":1,"featured_media":10394,"comment_status":"open","ping_status":"closed","sticky":false,"template":"","format":"standard","meta":{"ngg_post_thumbnail":0},"categories":[1,4,2,6,24],"tags":[],"_links":{"self":[{"href":"http:\/\/paroquiagloria.org\/v2\/index.php?rest_route=\/wp\/v2\/posts\/10430"}],"collection":[{"href":"http:\/\/paroquiagloria.org\/v2\/index.php?rest_route=\/wp\/v2\/posts"}],"about":[{"href":"http:\/\/paroquiagloria.org\/v2\/index.php?rest_route=\/wp\/v2\/types\/post"}],"author":[{"embeddable":true,"href":"http:\/\/paroquiagloria.org\/v2\/index.php?rest_route=\/wp\/v2\/users\/1"}],"replies":[{"embeddable":true,"href":"http:\/\/paroquiagloria.org\/v2\/index.php?rest_route=%2Fwp%2Fv2%2Fcomments&post=10430"}],"version-history":[{"count":6,"href":"http:\/\/paroquiagloria.org\/v2\/index.php?rest_route=\/wp\/v2\/posts\/10430\/revisions"}],"predecessor-version":[{"id":10447,"href":"http:\/\/paroquiagloria.org\/v2\/index.php?rest_route=\/wp\/v2\/posts\/10430\/revisions\/10447"}],"wp:featuredmedia":[{"embeddable":true,"href":"http:\/\/paroquiagloria.org\/v2\/index.php?rest_route=\/wp\/v2\/media\/10394"}],"wp:attachment":[{"href":"http:\/\/paroquiagloria.org\/v2\/index.php?rest_route=%2Fwp%2Fv2%2Fmedia&parent=10430"}],"wp:term":[{"taxonomy":"category","embeddable":true,"href":"http:\/\/paroquiagloria.org\/v2\/index.php?rest_route=%2Fwp%2Fv2%2Fcategories&post=10430"},{"taxonomy":"post_tag","embeddable":true,"href":"http:\/\/paroquiagloria.org\/v2\/index.php?rest_route=%2Fwp%2Fv2%2Ftags&post=10430"}],"curies":[{"name":"wp","href":"https:\/\/api.w.org\/{rel}","templated":true}]}}