{"id":10407,"date":"2022-04-30T19:25:51","date_gmt":"2022-04-30T19:25:51","guid":{"rendered":"http:\/\/paroquiagloria.org\/v2\/?p=10407"},"modified":"2022-04-30T19:25:52","modified_gmt":"2022-04-30T19:25:52","slug":"jornadas-mundiais-da-juventude-2023","status":"publish","type":"post","link":"http:\/\/paroquiagloria.org\/v2\/?p=10407","title":{"rendered":"Jornadas Mundiais da juventude 2023"},"content":{"rendered":"\n<figure class=\"wp-block-image size-large\"><a href=\"http:\/\/paroquiagloria.org\/v2\/wp-content\/uploads\/2021\/06\/banner_JMJ_Aveiro.jpg\"><img loading=\"lazy\" width=\"960\" height=\"450\" src=\"http:\/\/paroquiagloria.org\/v2\/wp-content\/uploads\/2021\/06\/banner_JMJ_Aveiro.jpg\" alt=\"\" class=\"wp-image-9490\" srcset=\"http:\/\/paroquiagloria.org\/v2\/wp-content\/uploads\/2021\/06\/banner_JMJ_Aveiro.jpg 960w, http:\/\/paroquiagloria.org\/v2\/wp-content\/uploads\/2021\/06\/banner_JMJ_Aveiro-300x141.jpg 300w, http:\/\/paroquiagloria.org\/v2\/wp-content\/uploads\/2021\/06\/banner_JMJ_Aveiro-768x360.jpg 768w\" sizes=\"(max-width: 960px) 100vw, 960px\" \/><\/a><\/figure>\n\n\n\n<h2>Quer acolher alguns jovens antes das JMJ 2023?<\/h2>\n\n\n\n<p>Os Dias nas Dioceses antecedem as JMJ e v\u00e3o permitir que muitos jovens de todo o mundo estejam alguns dias na nossa cidade e na nossa Diocese. Para isso s\u00e3o necess\u00e1rias fam\u00edlias que os recebam nas suas casas.<br>No pr\u00f3ximo fim de semana, nas Eucaristias ser\u00e3o dadas mais informa\u00e7\u00f5es. Haver\u00e1 tamb\u00e9m uma sess\u00e3o de esclarecimento para as fam\u00edlias que ainda tenham d\u00favidas, no dia 14 de maio, pelas 15h, no centro paroquial.<br>Se quiser inscrever-se como fam\u00edlia de acolhimento poder\u00e1 faz\u00ea-lo atrav\u00e9s do seguinte link ou na secretaria.<br><a rel=\"noreferrer noopener\" href=\"https:\/\/forms.gle\/vm6gSh1ZU8byXYu77\" target=\"_blank\">https:\/\/forms.gle\/vm6gSh1ZU8byXYu77<\/a><\/p>\n\n\n\n<figure class=\"wp-block-image size-large\"><a href=\"http:\/\/paroquiagloria.org\/v2\/wp-content\/uploads\/2022\/04\/QRcode_familias.acolhimento.jpg\"><img loading=\"lazy\" width=\"1024\" height=\"1024\" src=\"http:\/\/paroquiagloria.org\/v2\/wp-content\/uploads\/2022\/04\/QRcode_familias.acolhimento-1024x1024.jpg\" alt=\"\" class=\"wp-image-10395\" srcset=\"http:\/\/paroquiagloria.org\/v2\/wp-content\/uploads\/2022\/04\/QRcode_familias.acolhimento-1024x1024.jpg 1024w, http:\/\/paroquiagloria.org\/v2\/wp-content\/uploads\/2022\/04\/QRcode_familias.acolhimento-300x300.jpg 300w, http:\/\/paroquiagloria.org\/v2\/wp-content\/uploads\/2022\/04\/QRcode_familias.acolhimento-150x150.jpg 150w, http:\/\/paroquiagloria.org\/v2\/wp-content\/uploads\/2022\/04\/QRcode_familias.acolhimento-768x768.jpg 768w, http:\/\/paroquiagloria.org\/v2\/wp-content\/uploads\/2022\/04\/QRcode_familias.acolhimento-185x185.jpg 185w, http:\/\/paroquiagloria.org\/v2\/wp-content\/uploads\/2022\/04\/QRcode_familias.acolhimento-184x184.jpg 184w, http:\/\/paroquiagloria.org\/v2\/wp-content\/uploads\/2022\/04\/QRcode_familias.acolhimento.jpg 1155w\" sizes=\"(max-width: 1024px) 100vw, 1024px\" \/><\/a><\/figure>\n","protected":false},"excerpt":{"rendered":"<p>Quer acolher alguns jovens antes das JMJ 2023? Os Dias nas Dioceses antecedem as JMJ e v\u00e3o permitir que muitos jovens de todo o mundo estejam alguns dias na nossa cidade e na nossa Diocese. Para isso s\u00e3o necess\u00e1rias fam\u00edlias que os recebam nas suas casas.No pr\u00f3ximo fim de semana, nas Eucaristias ser\u00e3o dadas mais [&hellip;]<\/p>\n","protected":false},"author":1,"featured_media":9490,"comment_status":"open","ping_status":"closed","sticky":false,"template":"","format":"standard","meta":{"ngg_post_thumbnail":0},"categories":[1,4,2,6,24],"tags":[],"_links":{"self":[{"href":"http:\/\/paroquiagloria.org\/v2\/index.php?rest_route=\/wp\/v2\/posts\/10407"}],"collection":[{"href":"http:\/\/paroquiagloria.org\/v2\/index.php?rest_route=\/wp\/v2\/posts"}],"about":[{"href":"http:\/\/paroquiagloria.org\/v2\/index.php?rest_route=\/wp\/v2\/types\/post"}],"author":[{"embeddable":true,"href":"http:\/\/paroquiagloria.org\/v2\/index.php?rest_route=\/wp\/v2\/users\/1"}],"replies":[{"embeddable":true,"href":"http:\/\/paroquiagloria.org\/v2\/index.php?rest_route=%2Fwp%2Fv2%2Fcomments&post=10407"}],"version-history":[{"count":1,"href":"http:\/\/paroquiagloria.org\/v2\/index.php?rest_route=\/wp\/v2\/posts\/10407\/revisions"}],"predecessor-version":[{"id":10408,"href":"http:\/\/paroquiagloria.org\/v2\/index.php?rest_route=\/wp\/v2\/posts\/10407\/revisions\/10408"}],"wp:featuredmedia":[{"embeddable":true,"href":"http:\/\/paroquiagloria.org\/v2\/index.php?rest_route=\/wp\/v2\/media\/9490"}],"wp:attachment":[{"href":"http:\/\/paroquiagloria.org\/v2\/index.php?rest_route=%2Fwp%2Fv2%2Fmedia&parent=10407"}],"wp:term":[{"taxonomy":"category","embeddable":true,"href":"http:\/\/paroquiagloria.org\/v2\/index.php?rest_route=%2Fwp%2Fv2%2Fcategories&post=10407"},{"taxonomy":"post_tag","embeddable":true,"href":"http:\/\/paroquiagloria.org\/v2\/index.php?rest_route=%2Fwp%2Fv2%2Ftags&post=10407"}],"curies":[{"name":"wp","href":"https:\/\/api.w.org\/{rel}","templated":true}]}}