{"id":10403,"date":"2022-04-30T19:20:54","date_gmt":"2022-04-30T19:20:54","guid":{"rendered":"http:\/\/paroquiagloria.org\/v2\/?p=10403"},"modified":"2022-04-30T19:20:56","modified_gmt":"2022-04-30T19:20:56","slug":"aniversario-do-agrupamento-794-vilar","status":"publish","type":"post","link":"http:\/\/paroquiagloria.org\/v2\/?p=10403","title":{"rendered":"Anivers\u00e1rio do Agrupamento 794 &#8211; Vilar"},"content":{"rendered":"\n<div class=\"wp-block-image\"><figure class=\"aligncenter size-large\"><a href=\"http:\/\/paroquiagloria.org\/v2\/wp-content\/uploads\/2022\/04\/aniv_agrup794vilar.jpg\"><img loading=\"lazy\" width=\"725\" height=\"1024\" src=\"http:\/\/paroquiagloria.org\/v2\/wp-content\/uploads\/2022\/04\/aniv_agrup794vilar-725x1024.jpg\" alt=\"\" class=\"wp-image-10373\" srcset=\"http:\/\/paroquiagloria.org\/v2\/wp-content\/uploads\/2022\/04\/aniv_agrup794vilar-725x1024.jpg 725w, http:\/\/paroquiagloria.org\/v2\/wp-content\/uploads\/2022\/04\/aniv_agrup794vilar-212x300.jpg 212w, http:\/\/paroquiagloria.org\/v2\/wp-content\/uploads\/2022\/04\/aniv_agrup794vilar-768x1085.jpg 768w, http:\/\/paroquiagloria.org\/v2\/wp-content\/uploads\/2022\/04\/aniv_agrup794vilar.jpg 798w\" sizes=\"(max-width: 725px) 100vw, 725px\" \/><\/a><\/figure><\/div>\n\n\n\n<p>No Domingo<strong> dia 15 de maio<\/strong>, o Agrupamento organiza uma caminhada\/peregrina\u00e7\u00e3o ao Santu\u00e1rio da Senhora de Vagos na qual todos podem participar. Inscri\u00e7\u00f5es junto dos dirigentes ou pelas redes sociais.<br>Este domingo, <strong>dia 1 de maio<\/strong>, os Exploradores estar\u00e3o, no final da Missa das 10h30 no adro a <strong>vender p\u00e3o <\/strong>para angariar fundos para as suas atividades.<\/p>\n","protected":false},"excerpt":{"rendered":"<p>No Domingo dia 15 de maio, o Agrupamento organiza uma caminhada\/peregrina\u00e7\u00e3o ao Santu\u00e1rio da Senhora de Vagos na qual todos podem participar. Inscri\u00e7\u00f5es junto dos dirigentes ou pelas redes sociais.Este domingo, dia 1 de maio, os Exploradores estar\u00e3o, no final da Missa das 10h30 no adro a vender p\u00e3o para angariar fundos para as suas [&hellip;]<\/p>\n","protected":false},"author":1,"featured_media":10372,"comment_status":"open","ping_status":"closed","sticky":false,"template":"","format":"standard","meta":{"ngg_post_thumbnail":0},"categories":[1,4,2,6],"tags":[],"_links":{"self":[{"href":"http:\/\/paroquiagloria.org\/v2\/index.php?rest_route=\/wp\/v2\/posts\/10403"}],"collection":[{"href":"http:\/\/paroquiagloria.org\/v2\/index.php?rest_route=\/wp\/v2\/posts"}],"about":[{"href":"http:\/\/paroquiagloria.org\/v2\/index.php?rest_route=\/wp\/v2\/types\/post"}],"author":[{"embeddable":true,"href":"http:\/\/paroquiagloria.org\/v2\/index.php?rest_route=\/wp\/v2\/users\/1"}],"replies":[{"embeddable":true,"href":"http:\/\/paroquiagloria.org\/v2\/index.php?rest_route=%2Fwp%2Fv2%2Fcomments&post=10403"}],"version-history":[{"count":1,"href":"http:\/\/paroquiagloria.org\/v2\/index.php?rest_route=\/wp\/v2\/posts\/10403\/revisions"}],"predecessor-version":[{"id":10404,"href":"http:\/\/paroquiagloria.org\/v2\/index.php?rest_route=\/wp\/v2\/posts\/10403\/revisions\/10404"}],"wp:featuredmedia":[{"embeddable":true,"href":"http:\/\/paroquiagloria.org\/v2\/index.php?rest_route=\/wp\/v2\/media\/10372"}],"wp:attachment":[{"href":"http:\/\/paroquiagloria.org\/v2\/index.php?rest_route=%2Fwp%2Fv2%2Fmedia&parent=10403"}],"wp:term":[{"taxonomy":"category","embeddable":true,"href":"http:\/\/paroquiagloria.org\/v2\/index.php?rest_route=%2Fwp%2Fv2%2Fcategories&post=10403"},{"taxonomy":"post_tag","embeddable":true,"href":"http:\/\/paroquiagloria.org\/v2\/index.php?rest_route=%2Fwp%2Fv2%2Ftags&post=10403"}],"curies":[{"name":"wp","href":"https:\/\/api.w.org\/{rel}","templated":true}]}}