{"id":10400,"date":"2022-04-30T19:19:36","date_gmt":"2022-04-30T19:19:36","guid":{"rendered":"http:\/\/paroquiagloria.org\/v2\/?p=10400"},"modified":"2022-04-30T19:19:38","modified_gmt":"2022-04-30T19:19:38","slug":"semana-das-vocacoes-2","status":"publish","type":"post","link":"http:\/\/paroquiagloria.org\/v2\/?p=10400","title":{"rendered":"Semana das Voca\u00e7\u00f5es"},"content":{"rendered":"\n<h1>Atividades ao longo da semana<\/h1>\n\n\n\n<div class=\"wp-block-image\"><figure class=\"aligncenter size-large\"><a href=\"http:\/\/paroquiagloria.org\/v2\/wp-content\/uploads\/2022\/04\/semanavaocaoes_banner.jpg\"><img loading=\"lazy\" width=\"960\" height=\"340\" src=\"http:\/\/paroquiagloria.org\/v2\/wp-content\/uploads\/2022\/04\/semanavaocaoes_banner.jpg\" alt=\"\" class=\"wp-image-10393\" srcset=\"http:\/\/paroquiagloria.org\/v2\/wp-content\/uploads\/2022\/04\/semanavaocaoes_banner.jpg 960w, http:\/\/paroquiagloria.org\/v2\/wp-content\/uploads\/2022\/04\/semanavaocaoes_banner-300x106.jpg 300w, http:\/\/paroquiagloria.org\/v2\/wp-content\/uploads\/2022\/04\/semanavaocaoes_banner-768x272.jpg 768w\" sizes=\"(max-width: 960px) 100vw, 960px\" \/><\/a><\/figure><\/div>\n\n\n\n<p><em><span style=\"text-decoration: underline;\">Durante a semana<\/span><\/em><br>Divulga\u00e7\u00e3o do <strong>Mosteiro Invis\u00edvel Vocacional<\/strong><\/p>\n\n\n\n<p><em><span style=\"text-decoration: underline;\">domingo, dia 1 de maio<\/span><\/em><br><strong>Dia da M\u00e3e \u2013<\/strong> A voca\u00e7\u00e3o \u00e0 maternidade; Youtube<\/p>\n\n\n\n<p><em><span style=\"text-decoration: underline;\">quarta-feira, dia 4 de maio<\/span><\/em><br><strong>Voca\u00e7\u00e3o laical e Eucaristia \u2013<\/strong> Webinar, Facebook, 21h00<\/p>\n\n\n\n<p><em><span style=\"text-decoration: underline;\">quinta-feira, 5 de maio<\/span><\/em><br><strong>Vig\u00edlia de ora\u00e7\u00e3o pelas voca\u00e7\u00f5es \u2013<\/strong> Igreja da Gafanha da Encarna\u00e7\u00e3o, 21h00<\/p>\n\n\n\n<p><em><span style=\"text-decoration: underline;\">sexta-feira, 6 de maio<\/span><\/em><br><strong>Via-lucis vocacional<\/strong>, em parceria com assist\u00eancia regional do Corpo Nacional de Escutas \u2013 Escutismo Cat\u00f3lico; Santu\u00e1rio da Senhora de Vagos, 21h30<\/p>\n\n\n\n<p><em><span style=\"text-decoration: underline;\">s\u00e1bado, 7 de maio<\/span><\/em><br><strong>Concerto Coro Graduale<\/strong> \u2013 Igreja do Semin\u00e1rio, 21h30<\/p>\n\n\n\n<p><em><span style=\"text-decoration: underline;\">domingo, dia 8 de maio<\/span><\/em><br><strong>\u201cN\u00e3o te ponhas de fora\u201d<\/strong>, Caminhada vocacional* \u2013 Cacia\/Aveiro, 09h30-15h00<br>Ora\u00e7\u00e3o pelas voca\u00e7\u00f5es promovida pela Confer\u00eancia dos Institutos Religiosos de Portugal \u2013 Diocesana, Igreja do Carmelo de Aveiro, 16h00<\/p>\n\n\n\n<p><a href=\"http:\/\/www.diocese-aveiro.pt\/v2\/?p=22133\" data-type=\"URL\" data-id=\"http:\/\/www.diocese-aveiro.pt\/v2\/?p=22133\" target=\"_blank\" rel=\"noreferrer noopener\">MAIS INFORMA\u00c7\u00d4ES AQUI<\/a><\/p>\n\n\n\n<h1>Caminhada Vocacional<\/h1>\n\n\n\n<div class=\"wp-block-image\"><figure class=\"aligncenter size-large\"><a href=\"http:\/\/paroquiagloria.org\/v2\/wp-content\/uploads\/2022\/04\/caminhada-vocacional-_banner-1.jpg\"><img loading=\"lazy\" width=\"960\" height=\"340\" src=\"http:\/\/paroquiagloria.org\/v2\/wp-content\/uploads\/2022\/04\/caminhada-vocacional-_banner-1.jpg\" alt=\"\" class=\"wp-image-10391\" srcset=\"http:\/\/paroquiagloria.org\/v2\/wp-content\/uploads\/2022\/04\/caminhada-vocacional-_banner-1.jpg 960w, http:\/\/paroquiagloria.org\/v2\/wp-content\/uploads\/2022\/04\/caminhada-vocacional-_banner-1-300x106.jpg 300w, http:\/\/paroquiagloria.org\/v2\/wp-content\/uploads\/2022\/04\/caminhada-vocacional-_banner-1-768x272.jpg 768w\" sizes=\"(max-width: 960px) 100vw, 960px\" \/><\/a><\/figure><\/div>\n\n\n\n<p><strong>\u201cN\u00e3o te ponhas de fora\u201d<\/strong> \u00e9 o tema para a caminhada que inicia pelas 9h30 junto \u00e0 Esta\u00e7\u00e3o da CP de Cacia e termina pelas 15h00 no Museu de Aveiro.<br>As inscri\u00e7\u00f5es devem ser feitas pelo formul\u00e1rio online, indicando nome, data de nascimento, contacto telef\u00f3nico, email e nif [para efeitos de seguro].<br>A caminhada \u00e9 para maiores de 16 anos, entre a esta\u00e7\u00e3o de Cacia e o Museu de Aveiro, lembrando os 550 anos da chegada da Princesa Santa Joana a esta cidade.<br>Acompanhe esta e outras iniciativas em <a rel=\"noreferrer noopener\" href=\"http:\/\/www.diocese-aveiro.pt\/voca\u00e7\u00f5es\" data-type=\"URL\" data-id=\"www.diocese-aveiro.pt\/voca\u00e7\u00f5es\" target=\"_blank\">www.diocese-aveiro.pt\/voca\u00e7\u00f5es<\/a><\/p>\n\n\n\n<div class=\"wp-block-image\"><figure class=\"aligncenter size-large\"><a href=\"http:\/\/paroquiagloria.org\/v2\/wp-content\/uploads\/2022\/04\/caminhada-vocacional-725x1024-1.jpg\"><img loading=\"lazy\" width=\"725\" height=\"1024\" src=\"http:\/\/paroquiagloria.org\/v2\/wp-content\/uploads\/2022\/04\/caminhada-vocacional-725x1024-1.jpg\" alt=\"\" class=\"wp-image-10392\" srcset=\"http:\/\/paroquiagloria.org\/v2\/wp-content\/uploads\/2022\/04\/caminhada-vocacional-725x1024-1.jpg 725w, http:\/\/paroquiagloria.org\/v2\/wp-content\/uploads\/2022\/04\/caminhada-vocacional-725x1024-1-212x300.jpg 212w\" sizes=\"(max-width: 725px) 100vw, 725px\" \/><\/a><\/figure><\/div>\n\n\n\n<p><\/p>\n","protected":false},"excerpt":{"rendered":"<p>Atividades ao longo da semana Durante a semanaDivulga\u00e7\u00e3o do Mosteiro Invis\u00edvel Vocacional domingo, dia 1 de maioDia da M\u00e3e \u2013 A voca\u00e7\u00e3o \u00e0 maternidade; Youtube quarta-feira, dia 4 de maioVoca\u00e7\u00e3o laical e Eucaristia \u2013 Webinar, Facebook, 21h00 quinta-feira, 5 de maioVig\u00edlia de ora\u00e7\u00e3o pelas voca\u00e7\u00f5es \u2013 Igreja da Gafanha da Encarna\u00e7\u00e3o, 21h00 sexta-feira, 6 de [&hellip;]<\/p>\n","protected":false},"author":1,"featured_media":10394,"comment_status":"open","ping_status":"closed","sticky":false,"template":"","format":"standard","meta":{"ngg_post_thumbnail":0},"categories":[1,4,2,24],"tags":[],"_links":{"self":[{"href":"http:\/\/paroquiagloria.org\/v2\/index.php?rest_route=\/wp\/v2\/posts\/10400"}],"collection":[{"href":"http:\/\/paroquiagloria.org\/v2\/index.php?rest_route=\/wp\/v2\/posts"}],"about":[{"href":"http:\/\/paroquiagloria.org\/v2\/index.php?rest_route=\/wp\/v2\/types\/post"}],"author":[{"embeddable":true,"href":"http:\/\/paroquiagloria.org\/v2\/index.php?rest_route=\/wp\/v2\/users\/1"}],"replies":[{"embeddable":true,"href":"http:\/\/paroquiagloria.org\/v2\/index.php?rest_route=%2Fwp%2Fv2%2Fcomments&post=10400"}],"version-history":[{"count":2,"href":"http:\/\/paroquiagloria.org\/v2\/index.php?rest_route=\/wp\/v2\/posts\/10400\/revisions"}],"predecessor-version":[{"id":10402,"href":"http:\/\/paroquiagloria.org\/v2\/index.php?rest_route=\/wp\/v2\/posts\/10400\/revisions\/10402"}],"wp:featuredmedia":[{"embeddable":true,"href":"http:\/\/paroquiagloria.org\/v2\/index.php?rest_route=\/wp\/v2\/media\/10394"}],"wp:attachment":[{"href":"http:\/\/paroquiagloria.org\/v2\/index.php?rest_route=%2Fwp%2Fv2%2Fmedia&parent=10400"}],"wp:term":[{"taxonomy":"category","embeddable":true,"href":"http:\/\/paroquiagloria.org\/v2\/index.php?rest_route=%2Fwp%2Fv2%2Fcategories&post=10400"},{"taxonomy":"post_tag","embeddable":true,"href":"http:\/\/paroquiagloria.org\/v2\/index.php?rest_route=%2Fwp%2Fv2%2Ftags&post=10400"}],"curies":[{"name":"wp","href":"https:\/\/api.w.org\/{rel}","templated":true}]}}