{"id":10386,"date":"2022-04-24T17:24:11","date_gmt":"2022-04-24T17:24:11","guid":{"rendered":"http:\/\/paroquiagloria.org\/v2\/?p=10386"},"modified":"2022-04-24T17:24:13","modified_gmt":"2022-04-24T17:24:13","slug":"coracao-de-mae-e-coracao-de-paz","status":"publish","type":"post","link":"http:\/\/paroquiagloria.org\/v2\/?p=10386","title":{"rendered":"Cora\u00e7\u00e3o de m\u00e3e \u00e9 cora\u00e7\u00e3o de paz"},"content":{"rendered":"\n<div class=\"wp-block-image\"><figure class=\"aligncenter size-large\"><a href=\"http:\/\/paroquiagloria.org\/v2\/wp-content\/uploads\/2022\/04\/mae_paz.jpg\"><img loading=\"lazy\" width=\"1024\" height=\"683\" src=\"http:\/\/paroquiagloria.org\/v2\/wp-content\/uploads\/2022\/04\/mae_paz-1024x683.jpg\" alt=\"\" class=\"wp-image-10375\" srcset=\"http:\/\/paroquiagloria.org\/v2\/wp-content\/uploads\/2022\/04\/mae_paz-1024x683.jpg 1024w, http:\/\/paroquiagloria.org\/v2\/wp-content\/uploads\/2022\/04\/mae_paz-300x200.jpg 300w, http:\/\/paroquiagloria.org\/v2\/wp-content\/uploads\/2022\/04\/mae_paz-768x512.jpg 768w, http:\/\/paroquiagloria.org\/v2\/wp-content\/uploads\/2022\/04\/mae_paz-140x94.jpg 140w, http:\/\/paroquiagloria.org\/v2\/wp-content\/uploads\/2022\/04\/mae_paz.jpg 1280w\" sizes=\"(max-width: 1024px) 100vw, 1024px\" \/><\/a><\/figure><\/div>\n\n\n\n<p><strong><span style=\"text-decoration: underline;\">Mensagem da Comiss\u00e3o Episcopal do Laicado e Fam\u00edlia para o Dia da M\u00e3e:<\/span><\/strong><br>\u201cDia 1 de maio \u00e9 Dia da M\u00e3e, um dia para homenagear todas aquelas mulheres que s\u00e3o m\u00e3es porque geraram, porque educaram com todo o amor e assertividade que s\u00f3 uma m\u00e3e sabe conjugar, porque corrigiram para tornar melhores aqueles que amam, os ajudaram a crescer e os protegeram nos perigos. A hist\u00f3ria est\u00e1 cheia de m\u00e3es fortes nos sacrif\u00edcios por causa dos filhos e hero\u00ednas quando foi necess\u00e1rio proteg\u00ea-los.<br>Este ano, n\u00e3o podemos ficar indiferentes aos muitos relatos provocados pela guerra na Ucr\u00e2nia e feitos por tantas e tantas m\u00e3es obrigadas a op\u00e7\u00f5es dolorosas para salvarem os filhos dos perigos e porventura da morte.\u201d<\/p>\n\n\n\n<p><br><em>Mensagem completa em: <a href=\"https:\/\/leigos.pt\/coracao-de-mae-e-coracao-de-paz\/\" target=\"_blank\" rel=\"noreferrer noopener\">https:\/\/leigos.pt\/coracao-de-mae-e-coracao-de-paz\/<\/a><\/em><\/p>\n","protected":false},"excerpt":{"rendered":"<p>Mensagem da Comiss\u00e3o Episcopal do Laicado e Fam\u00edlia para o Dia da M\u00e3e:\u201cDia 1 de maio \u00e9 Dia da M\u00e3e, um dia para homenagear todas aquelas mulheres que s\u00e3o m\u00e3es porque geraram, porque educaram com todo o amor e assertividade que s\u00f3 uma m\u00e3e sabe conjugar, porque corrigiram para tornar melhores aqueles que amam, os [&hellip;]<\/p>\n","protected":false},"author":1,"featured_media":10374,"comment_status":"open","ping_status":"closed","sticky":false,"template":"","format":"standard","meta":{"ngg_post_thumbnail":0},"categories":[1,4,2,6],"tags":[],"_links":{"self":[{"href":"http:\/\/paroquiagloria.org\/v2\/index.php?rest_route=\/wp\/v2\/posts\/10386"}],"collection":[{"href":"http:\/\/paroquiagloria.org\/v2\/index.php?rest_route=\/wp\/v2\/posts"}],"about":[{"href":"http:\/\/paroquiagloria.org\/v2\/index.php?rest_route=\/wp\/v2\/types\/post"}],"author":[{"embeddable":true,"href":"http:\/\/paroquiagloria.org\/v2\/index.php?rest_route=\/wp\/v2\/users\/1"}],"replies":[{"embeddable":true,"href":"http:\/\/paroquiagloria.org\/v2\/index.php?rest_route=%2Fwp%2Fv2%2Fcomments&post=10386"}],"version-history":[{"count":1,"href":"http:\/\/paroquiagloria.org\/v2\/index.php?rest_route=\/wp\/v2\/posts\/10386\/revisions"}],"predecessor-version":[{"id":10387,"href":"http:\/\/paroquiagloria.org\/v2\/index.php?rest_route=\/wp\/v2\/posts\/10386\/revisions\/10387"}],"wp:featuredmedia":[{"embeddable":true,"href":"http:\/\/paroquiagloria.org\/v2\/index.php?rest_route=\/wp\/v2\/media\/10374"}],"wp:attachment":[{"href":"http:\/\/paroquiagloria.org\/v2\/index.php?rest_route=%2Fwp%2Fv2%2Fmedia&parent=10386"}],"wp:term":[{"taxonomy":"category","embeddable":true,"href":"http:\/\/paroquiagloria.org\/v2\/index.php?rest_route=%2Fwp%2Fv2%2Fcategories&post=10386"},{"taxonomy":"post_tag","embeddable":true,"href":"http:\/\/paroquiagloria.org\/v2\/index.php?rest_route=%2Fwp%2Fv2%2Ftags&post=10386"}],"curies":[{"name":"wp","href":"https:\/\/api.w.org\/{rel}","templated":true}]}}