{"id":10384,"date":"2022-04-24T17:22:22","date_gmt":"2022-04-24T17:22:22","guid":{"rendered":"http:\/\/paroquiagloria.org\/v2\/?p=10384"},"modified":"2022-04-24T17:22:23","modified_gmt":"2022-04-24T17:22:23","slug":"terco-em-maio","status":"publish","type":"post","link":"http:\/\/paroquiagloria.org\/v2\/?p=10384","title":{"rendered":"Ter\u00e7o em Maio"},"content":{"rendered":"\n<div class=\"wp-block-image\"><figure class=\"aligncenter size-large\"><a href=\"http:\/\/paroquiagloria.org\/v2\/wp-content\/uploads\/2019\/05\/terco_ora.jpg\"><img loading=\"lazy\" width=\"726\" height=\"345\" src=\"http:\/\/paroquiagloria.org\/v2\/wp-content\/uploads\/2019\/05\/terco_ora.jpg\" alt=\"\" class=\"wp-image-7663\" srcset=\"http:\/\/paroquiagloria.org\/v2\/wp-content\/uploads\/2019\/05\/terco_ora.jpg 726w, http:\/\/paroquiagloria.org\/v2\/wp-content\/uploads\/2019\/05\/terco_ora-300x143.jpg 300w\" sizes=\"(max-width: 726px) 100vw, 726px\" \/><\/a><\/figure><\/div>\n\n\n\n<p>Como habitualmente, ao longo do m\u00eas de maio \u00e9 recitado, nos dias da semana, o ter\u00e7o nas diferentes Capelas da nossa par\u00f3quia. No Di\u00e1logo da pr\u00f3xima semana ser\u00e3o divulgados esses dias e hor\u00e1rios.<\/p>\n\n\n\n<p><\/p>\n\n\n\n<p><strong>ALBOI<\/strong>: a partir de dia <strong>1 de Maio, \u00e0s 21h00<\/strong> na Capela dos Santos M\u00e1rtires.<\/p>\n","protected":false},"excerpt":{"rendered":"<p>Como habitualmente, ao longo do m\u00eas de maio \u00e9 recitado, nos dias da semana, o ter\u00e7o nas diferentes Capelas da nossa par\u00f3quia. No Di\u00e1logo da pr\u00f3xima semana ser\u00e3o divulgados esses dias e hor\u00e1rios. ALBOI: a partir de dia 1 de Maio, \u00e0s 21h00 na Capela dos Santos M\u00e1rtires.<\/p>\n","protected":false},"author":1,"featured_media":8593,"comment_status":"open","ping_status":"closed","sticky":false,"template":"","format":"standard","meta":{"ngg_post_thumbnail":0},"categories":[1,4,2,6,24],"tags":[],"_links":{"self":[{"href":"http:\/\/paroquiagloria.org\/v2\/index.php?rest_route=\/wp\/v2\/posts\/10384"}],"collection":[{"href":"http:\/\/paroquiagloria.org\/v2\/index.php?rest_route=\/wp\/v2\/posts"}],"about":[{"href":"http:\/\/paroquiagloria.org\/v2\/index.php?rest_route=\/wp\/v2\/types\/post"}],"author":[{"embeddable":true,"href":"http:\/\/paroquiagloria.org\/v2\/index.php?rest_route=\/wp\/v2\/users\/1"}],"replies":[{"embeddable":true,"href":"http:\/\/paroquiagloria.org\/v2\/index.php?rest_route=%2Fwp%2Fv2%2Fcomments&post=10384"}],"version-history":[{"count":1,"href":"http:\/\/paroquiagloria.org\/v2\/index.php?rest_route=\/wp\/v2\/posts\/10384\/revisions"}],"predecessor-version":[{"id":10385,"href":"http:\/\/paroquiagloria.org\/v2\/index.php?rest_route=\/wp\/v2\/posts\/10384\/revisions\/10385"}],"wp:featuredmedia":[{"embeddable":true,"href":"http:\/\/paroquiagloria.org\/v2\/index.php?rest_route=\/wp\/v2\/media\/8593"}],"wp:attachment":[{"href":"http:\/\/paroquiagloria.org\/v2\/index.php?rest_route=%2Fwp%2Fv2%2Fmedia&parent=10384"}],"wp:term":[{"taxonomy":"category","embeddable":true,"href":"http:\/\/paroquiagloria.org\/v2\/index.php?rest_route=%2Fwp%2Fv2%2Fcategories&post=10384"},{"taxonomy":"post_tag","embeddable":true,"href":"http:\/\/paroquiagloria.org\/v2\/index.php?rest_route=%2Fwp%2Fv2%2Ftags&post=10384"}],"curies":[{"name":"wp","href":"https:\/\/api.w.org\/{rel}","templated":true}]}}