{"id":10376,"date":"2022-04-24T10:59:59","date_gmt":"2022-04-24T10:59:59","guid":{"rendered":"http:\/\/paroquiagloria.org\/v2\/?p=10376"},"modified":"2022-04-24T11:00:01","modified_gmt":"2022-04-24T11:00:01","slug":"liberdade-de-educacao","status":"publish","type":"post","link":"http:\/\/paroquiagloria.org\/v2\/?p=10376","title":{"rendered":"\u2018Liberdade de educa\u00e7\u00e3o\u2019"},"content":{"rendered":"\n<div class=\"wp-block-image\"><figure class=\"aligncenter size-large\"><a href=\"http:\/\/paroquiagloria.org\/v2\/wp-content\/uploads\/2022\/04\/Tertulia-educacao-27-abril-2022.jpg\"><img loading=\"lazy\" width=\"724\" height=\"1024\" src=\"http:\/\/paroquiagloria.org\/v2\/wp-content\/uploads\/2022\/04\/Tertulia-educacao-27-abril-2022-724x1024.jpg\" alt=\"\" class=\"wp-image-10368\" srcset=\"http:\/\/paroquiagloria.org\/v2\/wp-content\/uploads\/2022\/04\/Tertulia-educacao-27-abril-2022-724x1024.jpg 724w, http:\/\/paroquiagloria.org\/v2\/wp-content\/uploads\/2022\/04\/Tertulia-educacao-27-abril-2022-212x300.jpg 212w, http:\/\/paroquiagloria.org\/v2\/wp-content\/uploads\/2022\/04\/Tertulia-educacao-27-abril-2022-768x1086.jpg 768w, http:\/\/paroquiagloria.org\/v2\/wp-content\/uploads\/2022\/04\/Tertulia-educacao-27-abril-2022-1086x1536.jpg 1086w, http:\/\/paroquiagloria.org\/v2\/wp-content\/uploads\/2022\/04\/Tertulia-educacao-27-abril-2022.jpg 1131w\" sizes=\"(max-width: 724px) 100vw, 724px\" \/><\/a><\/figure><\/div>\n\n\n\n<p>A Comiss\u00e3o Diocesana da Cultura continua a sua s\u00e9rie de \u2018tert\u00falias \u00e0 quarta\u2019. \u201cLiberdade de educa\u00e7\u00e3o\u201d ser\u00e1 a segunda desta s\u00e9rie, no dia 27 de abril, \u00e0s 21.30h, com Professor Eduardo Mar\u00e7al Grilo, ex-Ministro da Educa\u00e7\u00e3o e Membro do Conselho de Curadores da Funda\u00e7\u00e3o Francisco Manuel dos Santos.<\/p>\n\n\n\n<p><a href=\"http:\/\/www.diocese-aveiro.pt\/v2\/?p=22120\" data-type=\"URL\" data-id=\"http:\/\/www.diocese-aveiro.pt\/v2\/?p=22120\" target=\"_blank\" rel=\"noreferrer noopener\">MAIS INFORMA\u00c7\u00d5ES<\/a><\/p>\n","protected":false},"excerpt":{"rendered":"<p>A Comiss\u00e3o Diocesana da Cultura continua a sua s\u00e9rie de \u2018tert\u00falias \u00e0 quarta\u2019. \u201cLiberdade de educa\u00e7\u00e3o\u201d ser\u00e1 a segunda desta s\u00e9rie, no dia 27 de abril, \u00e0s 21.30h, com Professor Eduardo Mar\u00e7al Grilo, ex-Ministro da Educa\u00e7\u00e3o e Membro do Conselho de Curadores da Funda\u00e7\u00e3o Francisco Manuel dos Santos. MAIS INFORMA\u00c7\u00d5ES<\/p>\n","protected":false},"author":1,"featured_media":10366,"comment_status":"open","ping_status":"closed","sticky":false,"template":"","format":"standard","meta":{"ngg_post_thumbnail":0},"categories":[1,4,2,6],"tags":[],"_links":{"self":[{"href":"http:\/\/paroquiagloria.org\/v2\/index.php?rest_route=\/wp\/v2\/posts\/10376"}],"collection":[{"href":"http:\/\/paroquiagloria.org\/v2\/index.php?rest_route=\/wp\/v2\/posts"}],"about":[{"href":"http:\/\/paroquiagloria.org\/v2\/index.php?rest_route=\/wp\/v2\/types\/post"}],"author":[{"embeddable":true,"href":"http:\/\/paroquiagloria.org\/v2\/index.php?rest_route=\/wp\/v2\/users\/1"}],"replies":[{"embeddable":true,"href":"http:\/\/paroquiagloria.org\/v2\/index.php?rest_route=%2Fwp%2Fv2%2Fcomments&post=10376"}],"version-history":[{"count":1,"href":"http:\/\/paroquiagloria.org\/v2\/index.php?rest_route=\/wp\/v2\/posts\/10376\/revisions"}],"predecessor-version":[{"id":10377,"href":"http:\/\/paroquiagloria.org\/v2\/index.php?rest_route=\/wp\/v2\/posts\/10376\/revisions\/10377"}],"wp:featuredmedia":[{"embeddable":true,"href":"http:\/\/paroquiagloria.org\/v2\/index.php?rest_route=\/wp\/v2\/media\/10366"}],"wp:attachment":[{"href":"http:\/\/paroquiagloria.org\/v2\/index.php?rest_route=%2Fwp%2Fv2%2Fmedia&parent=10376"}],"wp:term":[{"taxonomy":"category","embeddable":true,"href":"http:\/\/paroquiagloria.org\/v2\/index.php?rest_route=%2Fwp%2Fv2%2Fcategories&post=10376"},{"taxonomy":"post_tag","embeddable":true,"href":"http:\/\/paroquiagloria.org\/v2\/index.php?rest_route=%2Fwp%2Fv2%2Ftags&post=10376"}],"curies":[{"name":"wp","href":"https:\/\/api.w.org\/{rel}","templated":true}]}}