{"id":10354,"date":"2022-04-09T19:51:38","date_gmt":"2022-04-09T19:51:38","guid":{"rendered":"http:\/\/paroquiagloria.org\/v2\/?p=10354"},"modified":"2022-04-09T19:51:40","modified_gmt":"2022-04-09T19:51:40","slug":"visita-pascal-2022","status":"publish","type":"post","link":"http:\/\/paroquiagloria.org\/v2\/?p=10354","title":{"rendered":"Visita Pascal 2022"},"content":{"rendered":"\n<div class=\"wp-block-image\"><figure class=\"aligncenter size-large\"><a href=\"http:\/\/paroquiagloria.org\/v2\/wp-content\/uploads\/2021\/04\/banner_semanasanta_vaticano.jpg\"><img loading=\"lazy\" width=\"960\" height=\"450\" src=\"http:\/\/paroquiagloria.org\/v2\/wp-content\/uploads\/2021\/04\/banner_semanasanta_vaticano.jpg\" alt=\"\" class=\"wp-image-9255\" srcset=\"http:\/\/paroquiagloria.org\/v2\/wp-content\/uploads\/2021\/04\/banner_semanasanta_vaticano.jpg 960w, http:\/\/paroquiagloria.org\/v2\/wp-content\/uploads\/2021\/04\/banner_semanasanta_vaticano-300x141.jpg 300w, http:\/\/paroquiagloria.org\/v2\/wp-content\/uploads\/2021\/04\/banner_semanasanta_vaticano-768x360.jpg 768w\" sizes=\"(max-width: 960px) 100vw, 960px\" \/><\/a><\/figure><\/div>\n\n\n\n<p>No Domingo de P\u00e1scoa haver\u00e1, como nos anos pr\u00e9-pandemia, a Visita Pascal em Vilar. Para aqueles que v\u00e3o estar envolvidos e participam, h\u00e1 que ter alguns cuidados:<\/p>\n\n\n\n<ul><li>uso de m\u00e1scara quer em aglomerados, quer dentro das habita\u00e7\u00f5es;<\/li><li>n\u00e3o \u00e9 permitido o beijar da cruz; depois da ora\u00e7\u00e3o \u00e9 feita a aspers\u00e3o com \u00e1gua benta dos presentes e do lugar onde se encontram;<\/li><li>a partilha de alimentos deve restringir-se aos membros da fam\u00edlia e, por isso, s\u00f3 se far\u00e1 ap\u00f3s a partida da equipa da visita pascal.<\/li><\/ul>\n","protected":false},"excerpt":{"rendered":"<p>No Domingo de P\u00e1scoa haver\u00e1, como nos anos pr\u00e9-pandemia, a Visita Pascal em Vilar. Para aqueles que v\u00e3o estar envolvidos e participam, h\u00e1 que ter alguns cuidados: uso de m\u00e1scara quer em aglomerados, quer dentro das habita\u00e7\u00f5es; n\u00e3o \u00e9 permitido o beijar da cruz; depois da ora\u00e7\u00e3o \u00e9 feita a aspers\u00e3o com \u00e1gua benta dos [&hellip;]<\/p>\n","protected":false},"author":1,"featured_media":9255,"comment_status":"open","ping_status":"closed","sticky":false,"template":"","format":"standard","meta":{"ngg_post_thumbnail":0},"categories":[1,4,2,6],"tags":[],"_links":{"self":[{"href":"http:\/\/paroquiagloria.org\/v2\/index.php?rest_route=\/wp\/v2\/posts\/10354"}],"collection":[{"href":"http:\/\/paroquiagloria.org\/v2\/index.php?rest_route=\/wp\/v2\/posts"}],"about":[{"href":"http:\/\/paroquiagloria.org\/v2\/index.php?rest_route=\/wp\/v2\/types\/post"}],"author":[{"embeddable":true,"href":"http:\/\/paroquiagloria.org\/v2\/index.php?rest_route=\/wp\/v2\/users\/1"}],"replies":[{"embeddable":true,"href":"http:\/\/paroquiagloria.org\/v2\/index.php?rest_route=%2Fwp%2Fv2%2Fcomments&post=10354"}],"version-history":[{"count":1,"href":"http:\/\/paroquiagloria.org\/v2\/index.php?rest_route=\/wp\/v2\/posts\/10354\/revisions"}],"predecessor-version":[{"id":10355,"href":"http:\/\/paroquiagloria.org\/v2\/index.php?rest_route=\/wp\/v2\/posts\/10354\/revisions\/10355"}],"wp:featuredmedia":[{"embeddable":true,"href":"http:\/\/paroquiagloria.org\/v2\/index.php?rest_route=\/wp\/v2\/media\/9255"}],"wp:attachment":[{"href":"http:\/\/paroquiagloria.org\/v2\/index.php?rest_route=%2Fwp%2Fv2%2Fmedia&parent=10354"}],"wp:term":[{"taxonomy":"category","embeddable":true,"href":"http:\/\/paroquiagloria.org\/v2\/index.php?rest_route=%2Fwp%2Fv2%2Fcategories&post=10354"},{"taxonomy":"post_tag","embeddable":true,"href":"http:\/\/paroquiagloria.org\/v2\/index.php?rest_route=%2Fwp%2Fv2%2Ftags&post=10354"}],"curies":[{"name":"wp","href":"https:\/\/api.w.org\/{rel}","templated":true}]}}