{"id":10352,"date":"2022-04-09T19:49:24","date_gmt":"2022-04-09T19:49:24","guid":{"rendered":"http:\/\/paroquiagloria.org\/v2\/?p=10352"},"modified":"2022-04-09T19:49:25","modified_gmt":"2022-04-09T19:49:25","slug":"itinerario-espiritual-jovem","status":"publish","type":"post","link":"http:\/\/paroquiagloria.org\/v2\/?p=10352","title":{"rendered":"Itiner\u00e1rio espiritual jovem"},"content":{"rendered":"\n<figure class=\"wp-block-image size-large\"><a href=\"http:\/\/paroquiagloria.org\/v2\/wp-content\/uploads\/2022\/04\/Atos2022.jpg\"><img loading=\"lazy\" width=\"1024\" height=\"1024\" src=\"http:\/\/paroquiagloria.org\/v2\/wp-content\/uploads\/2022\/04\/Atos2022-1024x1024.jpg\" alt=\"\" class=\"wp-image-10336\" srcset=\"http:\/\/paroquiagloria.org\/v2\/wp-content\/uploads\/2022\/04\/Atos2022-1024x1024.jpg 1024w, http:\/\/paroquiagloria.org\/v2\/wp-content\/uploads\/2022\/04\/Atos2022-300x300.jpg 300w, http:\/\/paroquiagloria.org\/v2\/wp-content\/uploads\/2022\/04\/Atos2022-150x150.jpg 150w, http:\/\/paroquiagloria.org\/v2\/wp-content\/uploads\/2022\/04\/Atos2022-768x768.jpg 768w, http:\/\/paroquiagloria.org\/v2\/wp-content\/uploads\/2022\/04\/Atos2022-185x185.jpg 185w, http:\/\/paroquiagloria.org\/v2\/wp-content\/uploads\/2022\/04\/Atos2022-184x184.jpg 184w, http:\/\/paroquiagloria.org\/v2\/wp-content\/uploads\/2022\/04\/Atos2022.jpg 1080w\" sizes=\"(max-width: 1024px) 100vw, 1024px\" \/><\/a><\/figure>\n\n\n\n<p>O ATOS (itiner\u00e1rio espiritual) est\u00e1 de regresso. As inscri\u00e7\u00f5es est\u00e3o abertas at\u00e9 dia 14 de abril. Este ano acontecer\u00e1 de 22 a 24 de abril para o 1\u00ba ATO e de 23 a 24 de abril para o 2\u00ba e 3\u00ba ATOs .<br>O Papa urge que tu jovem, sim tu que est\u00e1s no sof\u00e1, a que te LEVANTES e te ponhas a caminho. Ent\u00e3o, nada melhor do que sa\u00edres da tua zona de conforto. Desafiamos-te a dizeres SIM a este desafio.<\/p>\n\n\n\n<figure class=\"wp-block-image size-large\"><a href=\"http:\/\/paroquiagloria.org\/v2\/wp-content\/uploads\/2022\/04\/ATOs-_banner.jpg\"><img loading=\"lazy\" width=\"960\" height=\"340\" src=\"http:\/\/paroquiagloria.org\/v2\/wp-content\/uploads\/2022\/04\/ATOs-_banner.jpg\" alt=\"\" class=\"wp-image-10346\" srcset=\"http:\/\/paroquiagloria.org\/v2\/wp-content\/uploads\/2022\/04\/ATOs-_banner.jpg 960w, http:\/\/paroquiagloria.org\/v2\/wp-content\/uploads\/2022\/04\/ATOs-_banner-300x106.jpg 300w, http:\/\/paroquiagloria.org\/v2\/wp-content\/uploads\/2022\/04\/ATOs-_banner-768x272.jpg 768w\" sizes=\"(max-width: 960px) 100vw, 960px\" \/><\/a><\/figure>\n\n\n\n<p>fonte: <a href=\"http:\/\/www.diocese-aveiro.pt\/v2\/?p=22053\" data-type=\"URL\" data-id=\"http:\/\/www.diocese-aveiro.pt\/v2\/?p=22053\" target=\"_blank\" rel=\"noreferrer noopener\">DIOCESE DE AVEIRO<\/a><\/p>\n","protected":false},"excerpt":{"rendered":"<p>O ATOS (itiner\u00e1rio espiritual) est\u00e1 de regresso. As inscri\u00e7\u00f5es est\u00e3o abertas at\u00e9 dia 14 de abril. Este ano acontecer\u00e1 de 22 a 24 de abril para o 1\u00ba ATO e de 23 a 24 de abril para o 2\u00ba e 3\u00ba ATOs .O Papa urge que tu jovem, sim tu que est\u00e1s no sof\u00e1, a [&hellip;]<\/p>\n","protected":false},"author":1,"featured_media":10343,"comment_status":"open","ping_status":"closed","sticky":false,"template":"","format":"standard","meta":{"ngg_post_thumbnail":0},"categories":[1,4,2,6,24],"tags":[],"_links":{"self":[{"href":"http:\/\/paroquiagloria.org\/v2\/index.php?rest_route=\/wp\/v2\/posts\/10352"}],"collection":[{"href":"http:\/\/paroquiagloria.org\/v2\/index.php?rest_route=\/wp\/v2\/posts"}],"about":[{"href":"http:\/\/paroquiagloria.org\/v2\/index.php?rest_route=\/wp\/v2\/types\/post"}],"author":[{"embeddable":true,"href":"http:\/\/paroquiagloria.org\/v2\/index.php?rest_route=\/wp\/v2\/users\/1"}],"replies":[{"embeddable":true,"href":"http:\/\/paroquiagloria.org\/v2\/index.php?rest_route=%2Fwp%2Fv2%2Fcomments&post=10352"}],"version-history":[{"count":1,"href":"http:\/\/paroquiagloria.org\/v2\/index.php?rest_route=\/wp\/v2\/posts\/10352\/revisions"}],"predecessor-version":[{"id":10353,"href":"http:\/\/paroquiagloria.org\/v2\/index.php?rest_route=\/wp\/v2\/posts\/10352\/revisions\/10353"}],"wp:featuredmedia":[{"embeddable":true,"href":"http:\/\/paroquiagloria.org\/v2\/index.php?rest_route=\/wp\/v2\/media\/10343"}],"wp:attachment":[{"href":"http:\/\/paroquiagloria.org\/v2\/index.php?rest_route=%2Fwp%2Fv2%2Fmedia&parent=10352"}],"wp:term":[{"taxonomy":"category","embeddable":true,"href":"http:\/\/paroquiagloria.org\/v2\/index.php?rest_route=%2Fwp%2Fv2%2Fcategories&post=10352"},{"taxonomy":"post_tag","embeddable":true,"href":"http:\/\/paroquiagloria.org\/v2\/index.php?rest_route=%2Fwp%2Fv2%2Ftags&post=10352"}],"curies":[{"name":"wp","href":"https:\/\/api.w.org\/{rel}","templated":true}]}}