{"id":10350,"date":"2022-04-09T19:47:49","date_gmt":"2022-04-09T19:47:49","guid":{"rendered":"http:\/\/paroquiagloria.org\/v2\/?p=10350"},"modified":"2022-04-09T19:47:50","modified_gmt":"2022-04-09T19:47:50","slug":"movimento-vida-ascendente-peregrina-a-fatima","status":"publish","type":"post","link":"http:\/\/paroquiagloria.org\/v2\/?p=10350","title":{"rendered":"Movimento Vida Ascendente peregrina a F\u00e1tima"},"content":{"rendered":"\n<div class=\"wp-block-image\"><figure class=\"aligncenter size-large\"><a href=\"http:\/\/paroquiagloria.org\/v2\/wp-content\/uploads\/2022\/03\/VidaAscendente.jpg\"><img loading=\"lazy\" width=\"960\" height=\"450\" src=\"http:\/\/paroquiagloria.org\/v2\/wp-content\/uploads\/2022\/03\/VidaAscendente.jpg\" alt=\"\" class=\"wp-image-10214\" srcset=\"http:\/\/paroquiagloria.org\/v2\/wp-content\/uploads\/2022\/03\/VidaAscendente.jpg 960w, http:\/\/paroquiagloria.org\/v2\/wp-content\/uploads\/2022\/03\/VidaAscendente-300x141.jpg 300w, http:\/\/paroquiagloria.org\/v2\/wp-content\/uploads\/2022\/03\/VidaAscendente-768x360.jpg 768w\" sizes=\"(max-width: 960px) 100vw, 960px\" \/><\/a><\/figure><\/div>\n\n\n\n<p>O Movimento Vida Ascendente est\u00e1 a organizar a sua habitual peregrina\u00e7\u00e3o a F\u00e1tima, marcada para o dia 28 de abril. As inscri\u00e7\u00f5es est\u00e3o abertas a toda a comunidade at\u00e9 ao dia 15 de abril (para Dora Santos: 919880498), com o custo de 10Eur, que inclui almo\u00e7o.<\/p>\n","protected":false},"excerpt":{"rendered":"<p>O Movimento Vida Ascendente est\u00e1 a organizar a sua habitual peregrina\u00e7\u00e3o a F\u00e1tima, marcada para o dia 28 de abril. As inscri\u00e7\u00f5es est\u00e3o abertas a toda a comunidade at\u00e9 ao dia 15 de abril (para Dora Santos: 919880498), com o custo de 10Eur, que inclui almo\u00e7o.<\/p>\n","protected":false},"author":1,"featured_media":10214,"comment_status":"open","ping_status":"closed","sticky":false,"template":"","format":"standard","meta":{"ngg_post_thumbnail":0},"categories":[1,4,2,6],"tags":[],"_links":{"self":[{"href":"http:\/\/paroquiagloria.org\/v2\/index.php?rest_route=\/wp\/v2\/posts\/10350"}],"collection":[{"href":"http:\/\/paroquiagloria.org\/v2\/index.php?rest_route=\/wp\/v2\/posts"}],"about":[{"href":"http:\/\/paroquiagloria.org\/v2\/index.php?rest_route=\/wp\/v2\/types\/post"}],"author":[{"embeddable":true,"href":"http:\/\/paroquiagloria.org\/v2\/index.php?rest_route=\/wp\/v2\/users\/1"}],"replies":[{"embeddable":true,"href":"http:\/\/paroquiagloria.org\/v2\/index.php?rest_route=%2Fwp%2Fv2%2Fcomments&post=10350"}],"version-history":[{"count":1,"href":"http:\/\/paroquiagloria.org\/v2\/index.php?rest_route=\/wp\/v2\/posts\/10350\/revisions"}],"predecessor-version":[{"id":10351,"href":"http:\/\/paroquiagloria.org\/v2\/index.php?rest_route=\/wp\/v2\/posts\/10350\/revisions\/10351"}],"wp:featuredmedia":[{"embeddable":true,"href":"http:\/\/paroquiagloria.org\/v2\/index.php?rest_route=\/wp\/v2\/media\/10214"}],"wp:attachment":[{"href":"http:\/\/paroquiagloria.org\/v2\/index.php?rest_route=%2Fwp%2Fv2%2Fmedia&parent=10350"}],"wp:term":[{"taxonomy":"category","embeddable":true,"href":"http:\/\/paroquiagloria.org\/v2\/index.php?rest_route=%2Fwp%2Fv2%2Fcategories&post=10350"},{"taxonomy":"post_tag","embeddable":true,"href":"http:\/\/paroquiagloria.org\/v2\/index.php?rest_route=%2Fwp%2Fv2%2Ftags&post=10350"}],"curies":[{"name":"wp","href":"https:\/\/api.w.org\/{rel}","templated":true}]}}