{"id":10348,"date":"2022-04-09T19:45:59","date_gmt":"2022-04-09T19:45:59","guid":{"rendered":"http:\/\/paroquiagloria.org\/v2\/?p=10348"},"modified":"2022-04-09T19:46:00","modified_gmt":"2022-04-09T19:46:00","slug":"horarios-da-semana-santa-2022","status":"publish","type":"post","link":"http:\/\/paroquiagloria.org\/v2\/?p=10348","title":{"rendered":"HOR\u00c1RIOS DA SEMANA SANTA 2022"},"content":{"rendered":"\n<h2 class=\"has-text-align-center\">&#8211; na S\u00e9 &#8211;<\/h2>\n\n\n\n<figure class=\"wp-block-image size-large\"><a href=\"http:\/\/paroquiagloria.org\/v2\/wp-content\/uploads\/2022\/04\/semanasanta_2022_small.jpg\"><img loading=\"lazy\" width=\"960\" height=\"678\" src=\"http:\/\/paroquiagloria.org\/v2\/wp-content\/uploads\/2022\/04\/semanasanta_2022_small.jpg\" alt=\"\" class=\"wp-image-10342\" srcset=\"http:\/\/paroquiagloria.org\/v2\/wp-content\/uploads\/2022\/04\/semanasanta_2022_small.jpg 960w, http:\/\/paroquiagloria.org\/v2\/wp-content\/uploads\/2022\/04\/semanasanta_2022_small-300x212.jpg 300w, http:\/\/paroquiagloria.org\/v2\/wp-content\/uploads\/2022\/04\/semanasanta_2022_small-768x542.jpg 768w\" sizes=\"(max-width: 960px) 100vw, 960px\" \/><\/a><\/figure>\n\n\n\n<p><strong>SEGUNDA-FEIRA SANTA \u2013 11 de Abril<\/strong><br>09.30H-11H e 15H-17H \u2013 Sacramento da Reconcilia\u00e7\u00e3o.<\/p>\n\n\n\n<p><strong>TER\u00c7A-FEIRA SANTA \u2013 12 de Abril<\/strong><br>09.30H-11H e 15H-17H \u2013 Sacramento da Reconcilia\u00e7\u00e3o.<\/p>\n\n\n\n<p><strong>QUARTA-FEIRA SANTA \u2013 13 de Abril<\/strong><br>09.30H-11H e 15H-17H \u2013 Sacramento da Reconcilia\u00e7\u00e3o.<\/p>\n\n\n\n<p><strong>QUINTA-FEIRA SANTA \u2013 14 de Abril<\/strong><br>10.00H \u2013 Missa Crismal com todos os sacerdotes e di\u00e1conos, com a renova\u00e7\u00e3o dos compromissos sacerdotais, a b\u00ean\u00e7\u00e3o dos \u00f3leos dos enfermos e dos catec\u00famenos e a consagra\u00e7\u00e3o do \u00f3leo do Crisma.<br>15H-17H \u2013 Sacramento da Reconcilia\u00e7\u00e3o.<br>21.30H \u2013 Eucaristia Vespertina da Ceia do Senhor com Adora\u00e7\u00e3o Noturna at\u00e9 \u00e0s 24h<\/p>\n\n\n\n<p><strong>SEXTA-FEIRA SANTA \u2013 15 de Abril<\/strong><br>09.30H \u2013 Ora\u00e7\u00e3o de Laudes.<br>10H-12H \u2013 Sacramento da Reconcilia\u00e7\u00e3o.<br>17.30H \u2013 Celebra\u00e7\u00e3o lit\u00fargica da Paix\u00e3o do Senhor.<br>21.30H \u2013 Prociss\u00e3o comemorativa do Enterro do Senhor desde a igreja matriz da Vera Cruz para a S\u00e9 (Itiner\u00e1rio habitual).<\/p>\n\n\n\n<p><strong>S\u00c1BADO SANTO \u2013 16 de Abril<\/strong><br>09.30H \u2013 Ora\u00e7\u00e3o de Laudes.<br>10H-12H \u2013 Sacramento da Reconcilia\u00e7\u00e3o.<br>15.30H \u2013 Concerto<br>21.30H \u2013 Vig\u00edlia Pascal da Ressurrei\u00e7\u00e3o do Senhor (para a profiss\u00e3o de f\u00e9 \u00e9 necess\u00e1rio trazer uma vela)<\/p>\n\n\n\n<p><strong>DOMINGO DE P\u00c1SCOA \u2013 17 de Abril<\/strong><br>09.00H &#8211; Eucaristia em Santiago.<br>10.00H &#8211; Eucaristia em Vilar<br>10.30H, 12.00H e 19.00H \u2013 Eucaristias na S\u00e9<br>15.00H &#8211; Visita Pascal, em Vilar, \u00e0s fam\u00edlias cujas casas estejam assinaladas.<\/p>\n","protected":false},"excerpt":{"rendered":"<p>&#8211; na S\u00e9 &#8211; SEGUNDA-FEIRA SANTA \u2013 11 de Abril09.30H-11H e 15H-17H \u2013 Sacramento da Reconcilia\u00e7\u00e3o. TER\u00c7A-FEIRA SANTA \u2013 12 de Abril09.30H-11H e 15H-17H \u2013 Sacramento da Reconcilia\u00e7\u00e3o. QUARTA-FEIRA SANTA \u2013 13 de Abril09.30H-11H e 15H-17H \u2013 Sacramento da Reconcilia\u00e7\u00e3o. QUINTA-FEIRA SANTA \u2013 14 de Abril10.00H \u2013 Missa Crismal com todos os sacerdotes e di\u00e1conos, [&hellip;]<\/p>\n","protected":false},"author":1,"featured_media":10341,"comment_status":"open","ping_status":"closed","sticky":false,"template":"","format":"standard","meta":{"ngg_post_thumbnail":0},"categories":[1,4,2,6,24],"tags":[],"_links":{"self":[{"href":"http:\/\/paroquiagloria.org\/v2\/index.php?rest_route=\/wp\/v2\/posts\/10348"}],"collection":[{"href":"http:\/\/paroquiagloria.org\/v2\/index.php?rest_route=\/wp\/v2\/posts"}],"about":[{"href":"http:\/\/paroquiagloria.org\/v2\/index.php?rest_route=\/wp\/v2\/types\/post"}],"author":[{"embeddable":true,"href":"http:\/\/paroquiagloria.org\/v2\/index.php?rest_route=\/wp\/v2\/users\/1"}],"replies":[{"embeddable":true,"href":"http:\/\/paroquiagloria.org\/v2\/index.php?rest_route=%2Fwp%2Fv2%2Fcomments&post=10348"}],"version-history":[{"count":1,"href":"http:\/\/paroquiagloria.org\/v2\/index.php?rest_route=\/wp\/v2\/posts\/10348\/revisions"}],"predecessor-version":[{"id":10349,"href":"http:\/\/paroquiagloria.org\/v2\/index.php?rest_route=\/wp\/v2\/posts\/10348\/revisions\/10349"}],"wp:featuredmedia":[{"embeddable":true,"href":"http:\/\/paroquiagloria.org\/v2\/index.php?rest_route=\/wp\/v2\/media\/10341"}],"wp:attachment":[{"href":"http:\/\/paroquiagloria.org\/v2\/index.php?rest_route=%2Fwp%2Fv2%2Fmedia&parent=10348"}],"wp:term":[{"taxonomy":"category","embeddable":true,"href":"http:\/\/paroquiagloria.org\/v2\/index.php?rest_route=%2Fwp%2Fv2%2Fcategories&post=10348"},{"taxonomy":"post_tag","embeddable":true,"href":"http:\/\/paroquiagloria.org\/v2\/index.php?rest_route=%2Fwp%2Fv2%2Ftags&post=10348"}],"curies":[{"name":"wp","href":"https:\/\/api.w.org\/{rel}","templated":true}]}}