{"id":10329,"date":"2022-04-02T19:31:03","date_gmt":"2022-04-02T19:31:03","guid":{"rendered":"http:\/\/paroquiagloria.org\/v2\/?p=10329"},"modified":"2022-04-02T19:31:41","modified_gmt":"2022-04-02T19:31:41","slug":"domingo-de-ramos","status":"publish","type":"post","link":"http:\/\/paroquiagloria.org\/v2\/?p=10329","title":{"rendered":"Domingo de Ramos"},"content":{"rendered":"\n<div class=\"wp-block-image\"><figure class=\"aligncenter size-large\"><a href=\"http:\/\/paroquiagloria.org\/v2\/wp-content\/uploads\/2022\/04\/domingo-de-ramos.png\"><img loading=\"lazy\" width=\"656\" height=\"378\" src=\"http:\/\/paroquiagloria.org\/v2\/wp-content\/uploads\/2022\/04\/domingo-de-ramos.png\" alt=\"\" class=\"wp-image-10313\" srcset=\"http:\/\/paroquiagloria.org\/v2\/wp-content\/uploads\/2022\/04\/domingo-de-ramos.png 656w, http:\/\/paroquiagloria.org\/v2\/wp-content\/uploads\/2022\/04\/domingo-de-ramos-300x173.png 300w\" sizes=\"(max-width: 656px) 100vw, 656px\" \/><\/a><\/figure><\/div>\n\n\n\n<p>As Celebra\u00e7\u00f5es para o Domingo de Ramos s\u00e3o:<br><\/p>\n\n\n\n<p><strong>S\u00e1bado, dia 9:<\/strong><br>19h00 &#8211; Missa vespertina na S\u00e9 e em Santiago<br><\/p>\n\n\n\n<p><strong>Domingo, dia 10:<\/strong><br>8h30 &#8211; Missa na S\u00e9<br>10h00 &#8211; Missa em Vilar com B\u00ean\u00e7\u00e3o dos Ramos no jardim.<br>11h00 &#8211; B\u00ean\u00e7\u00e3o dos Ramos na Igreja de Santo Ant\u00f3nio e de S. Francisco, seguida da prociss\u00e3o para a S\u00e9 onde ser\u00e1 a Missa<br>19h00 &#8211; Missa na S\u00e9<\/p>\n\n\n\n<p><\/p>\n\n\n\n<figure class=\"wp-block-pullquote\"><blockquote><p>Ren\u00fancia Quaresmal<\/p><cite>A Ren\u00fancia Quaresmal da nossa diocese de Aveiro ser\u00e1 metade para os deslocados da guerra de Cabo Delgado, na diocese de Pemba, em Mo\u00e7ambique e a outra parte para o Fundo Solid\u00e1rio do Centro Universit\u00e1rio F\u00e9 e Cultura (CUFC), de Aveiro.<\/cite><\/blockquote><\/figure>\n","protected":false},"excerpt":{"rendered":"<p>As Celebra\u00e7\u00f5es para o Domingo de Ramos s\u00e3o: S\u00e1bado, dia 9:19h00 &#8211; Missa vespertina na S\u00e9 e em Santiago Domingo, dia 10:8h30 &#8211; Missa na S\u00e910h00 &#8211; Missa em Vilar com B\u00ean\u00e7\u00e3o dos Ramos no jardim.11h00 &#8211; B\u00ean\u00e7\u00e3o dos Ramos na Igreja de Santo Ant\u00f3nio e de S. Francisco, seguida da prociss\u00e3o para a S\u00e9 [&hellip;]<\/p>\n","protected":false},"author":1,"featured_media":10312,"comment_status":"open","ping_status":"closed","sticky":false,"template":"","format":"standard","meta":{"ngg_post_thumbnail":0},"categories":[1,4,2,6,24],"tags":[],"_links":{"self":[{"href":"http:\/\/paroquiagloria.org\/v2\/index.php?rest_route=\/wp\/v2\/posts\/10329"}],"collection":[{"href":"http:\/\/paroquiagloria.org\/v2\/index.php?rest_route=\/wp\/v2\/posts"}],"about":[{"href":"http:\/\/paroquiagloria.org\/v2\/index.php?rest_route=\/wp\/v2\/types\/post"}],"author":[{"embeddable":true,"href":"http:\/\/paroquiagloria.org\/v2\/index.php?rest_route=\/wp\/v2\/users\/1"}],"replies":[{"embeddable":true,"href":"http:\/\/paroquiagloria.org\/v2\/index.php?rest_route=%2Fwp%2Fv2%2Fcomments&post=10329"}],"version-history":[{"count":2,"href":"http:\/\/paroquiagloria.org\/v2\/index.php?rest_route=\/wp\/v2\/posts\/10329\/revisions"}],"predecessor-version":[{"id":10331,"href":"http:\/\/paroquiagloria.org\/v2\/index.php?rest_route=\/wp\/v2\/posts\/10329\/revisions\/10331"}],"wp:featuredmedia":[{"embeddable":true,"href":"http:\/\/paroquiagloria.org\/v2\/index.php?rest_route=\/wp\/v2\/media\/10312"}],"wp:attachment":[{"href":"http:\/\/paroquiagloria.org\/v2\/index.php?rest_route=%2Fwp%2Fv2%2Fmedia&parent=10329"}],"wp:term":[{"taxonomy":"category","embeddable":true,"href":"http:\/\/paroquiagloria.org\/v2\/index.php?rest_route=%2Fwp%2Fv2%2Fcategories&post=10329"},{"taxonomy":"post_tag","embeddable":true,"href":"http:\/\/paroquiagloria.org\/v2\/index.php?rest_route=%2Fwp%2Fv2%2Ftags&post=10329"}],"curies":[{"name":"wp","href":"https:\/\/api.w.org\/{rel}","templated":true}]}}