{"id":10326,"date":"2022-04-02T19:29:05","date_gmt":"2022-04-02T19:29:05","guid":{"rendered":"http:\/\/paroquiagloria.org\/v2\/?p=10326"},"modified":"2022-04-02T19:29:06","modified_gmt":"2022-04-02T19:29:06","slug":"jornada-mundial-da-juventude-2023","status":"publish","type":"post","link":"http:\/\/paroquiagloria.org\/v2\/?p=10326","title":{"rendered":"Jornada Mundial da Juventude 2023"},"content":{"rendered":"\n<div class=\"wp-block-image\"><figure class=\"aligncenter size-large\"><a href=\"http:\/\/paroquiagloria.org\/v2\/wp-content\/uploads\/2022\/04\/diasnasdioceses.jpg\"><img loading=\"lazy\" width=\"1024\" height=\"1024\" src=\"http:\/\/paroquiagloria.org\/v2\/wp-content\/uploads\/2022\/04\/diasnasdioceses-1024x1024.jpg\" alt=\"\" class=\"wp-image-10309\" srcset=\"http:\/\/paroquiagloria.org\/v2\/wp-content\/uploads\/2022\/04\/diasnasdioceses-1024x1024.jpg 1024w, http:\/\/paroquiagloria.org\/v2\/wp-content\/uploads\/2022\/04\/diasnasdioceses-300x300.jpg 300w, http:\/\/paroquiagloria.org\/v2\/wp-content\/uploads\/2022\/04\/diasnasdioceses-150x150.jpg 150w, http:\/\/paroquiagloria.org\/v2\/wp-content\/uploads\/2022\/04\/diasnasdioceses-768x768.jpg 768w, http:\/\/paroquiagloria.org\/v2\/wp-content\/uploads\/2022\/04\/diasnasdioceses-185x185.jpg 185w, http:\/\/paroquiagloria.org\/v2\/wp-content\/uploads\/2022\/04\/diasnasdioceses-184x184.jpg 184w, http:\/\/paroquiagloria.org\/v2\/wp-content\/uploads\/2022\/04\/diasnasdioceses.jpg 1080w\" sizes=\"(max-width: 1024px) 100vw, 1024px\" \/><\/a><\/figure><\/div>\n\n\n\n<h2><strong>Dias nas Dioceses<\/strong><br>26 a 31 de julho de 2023<\/h2>\n\n\n\n<p><br>Estes dias, que antecedem a JMJ, s\u00e3o momentos de \u00abpartilha de f\u00e9 e experi\u00eancia eclesial\u00bb, que antecedem encontro de Lisboa.<br>\u201cPara essa semana est\u00e1 a ser preparado um programa com cinco pilares: Acolhimento, descoberta, miss\u00e3o, cultura e envio. Os jovens v\u00e3o ficar alojados preferencialmente em casas de fam\u00edlias nas par\u00f3quias de acolhimento e em instala\u00e7\u00f5es p\u00fablicas\u201d, indica a organiza\u00e7\u00e3o da JMJ.<br>\u201cAs dioceses v\u00e3o oferecer a sua identidade religiosa e cultural, atrav\u00e9s de uma proposta criativa da sua realidade. Os movimentos juvenis, como parte da Igreja e das din\u00e2micas diocesanas, tamb\u00e9m s\u00e3o chamados a estar presentes e a dar o seu contributo, nesta experi\u00eancia de acolhimento e partilha\u201d, precisa o comunicado.<\/p>\n\n\n\n<p><\/p>\n","protected":false},"excerpt":{"rendered":"<p>Dias nas Dioceses26 a 31 de julho de 2023 Estes dias, que antecedem a JMJ, s\u00e3o momentos de \u00abpartilha de f\u00e9 e experi\u00eancia eclesial\u00bb, que antecedem encontro de Lisboa.\u201cPara essa semana est\u00e1 a ser preparado um programa com cinco pilares: Acolhimento, descoberta, miss\u00e3o, cultura e envio. Os jovens v\u00e3o ficar alojados preferencialmente em casas de [&hellip;]<\/p>\n","protected":false},"author":1,"featured_media":10308,"comment_status":"open","ping_status":"closed","sticky":false,"template":"","format":"standard","meta":{"ngg_post_thumbnail":0},"categories":[1,4,2,6,24],"tags":[],"_links":{"self":[{"href":"http:\/\/paroquiagloria.org\/v2\/index.php?rest_route=\/wp\/v2\/posts\/10326"}],"collection":[{"href":"http:\/\/paroquiagloria.org\/v2\/index.php?rest_route=\/wp\/v2\/posts"}],"about":[{"href":"http:\/\/paroquiagloria.org\/v2\/index.php?rest_route=\/wp\/v2\/types\/post"}],"author":[{"embeddable":true,"href":"http:\/\/paroquiagloria.org\/v2\/index.php?rest_route=\/wp\/v2\/users\/1"}],"replies":[{"embeddable":true,"href":"http:\/\/paroquiagloria.org\/v2\/index.php?rest_route=%2Fwp%2Fv2%2Fcomments&post=10326"}],"version-history":[{"count":1,"href":"http:\/\/paroquiagloria.org\/v2\/index.php?rest_route=\/wp\/v2\/posts\/10326\/revisions"}],"predecessor-version":[{"id":10327,"href":"http:\/\/paroquiagloria.org\/v2\/index.php?rest_route=\/wp\/v2\/posts\/10326\/revisions\/10327"}],"wp:featuredmedia":[{"embeddable":true,"href":"http:\/\/paroquiagloria.org\/v2\/index.php?rest_route=\/wp\/v2\/media\/10308"}],"wp:attachment":[{"href":"http:\/\/paroquiagloria.org\/v2\/index.php?rest_route=%2Fwp%2Fv2%2Fmedia&parent=10326"}],"wp:term":[{"taxonomy":"category","embeddable":true,"href":"http:\/\/paroquiagloria.org\/v2\/index.php?rest_route=%2Fwp%2Fv2%2Fcategories&post=10326"},{"taxonomy":"post_tag","embeddable":true,"href":"http:\/\/paroquiagloria.org\/v2\/index.php?rest_route=%2Fwp%2Fv2%2Ftags&post=10326"}],"curies":[{"name":"wp","href":"https:\/\/api.w.org\/{rel}","templated":true}]}}