{"id":10320,"date":"2022-04-02T19:24:23","date_gmt":"2022-04-02T19:24:23","guid":{"rendered":"http:\/\/paroquiagloria.org\/v2\/?p=10320"},"modified":"2022-04-02T19:29:45","modified_gmt":"2022-04-02T19:29:45","slug":"tertulias-a-quarta-liberdades-em-risco","status":"publish","type":"post","link":"http:\/\/paroquiagloria.org\/v2\/?p=10320","title":{"rendered":"Tert\u00falias \u00e0 quarta: \u201cLiberdades em risco\u201d"},"content":{"rendered":"\n<div class=\"wp-block-image\"><figure class=\"aligncenter size-large\"><a href=\"http:\/\/paroquiagloria.org\/v2\/wp-content\/uploads\/2022\/03\/tertulias.jpeg\"><img loading=\"lazy\" width=\"724\" height=\"1024\" src=\"http:\/\/paroquiagloria.org\/v2\/wp-content\/uploads\/2022\/03\/tertulias.jpeg\" alt=\"\" class=\"wp-image-10285\" srcset=\"http:\/\/paroquiagloria.org\/v2\/wp-content\/uploads\/2022\/03\/tertulias.jpeg 724w, http:\/\/paroquiagloria.org\/v2\/wp-content\/uploads\/2022\/03\/tertulias-212x300.jpeg 212w\" sizes=\"(max-width: 724px) 100vw, 724px\" \/><\/a><\/figure><\/div>\n\n\n\n<p>A Comiss\u00e3o Diocesana da Cultura preparou mais uma ronda de tert\u00falias, este ano com o tema \u201cLiberdades em risco\u201d.<br>Liberdade religiosa ser\u00e1 a primeira, j\u00e1 a 6 de abril, com a Presidente da Funda\u00e7\u00e3o Ajuda \u00e0 Igreja que sofre, Eng. Catarina Martins Bettencourt, e o Pe. Miguel Pedro Melo, Jesu\u00edta membro da Prov\u00edncia chinesa durante 3 anos.<br>O CUFC \u2013 Centro Universit\u00e1rio F\u00e9 e Cultura \u2013 acolhe estes ser\u00f5es.<\/p>\n\n\n\n<p><\/p>\n\n\n\n<p>Mais Informa\u00e7\u00f5es <a href=\"http:\/\/www.diocese-aveiro.pt\/v2\/?p=22011\" data-type=\"URL\" data-id=\"http:\/\/www.diocese-aveiro.pt\/v2\/?p=22011\" target=\"_blank\" rel=\"noreferrer noopener\">AQUI<\/a><\/p>\n","protected":false},"excerpt":{"rendered":"<p>A Comiss\u00e3o Diocesana da Cultura preparou mais uma ronda de tert\u00falias, este ano com o tema \u201cLiberdades em risco\u201d.Liberdade religiosa ser\u00e1 a primeira, j\u00e1 a 6 de abril, com a Presidente da Funda\u00e7\u00e3o Ajuda \u00e0 Igreja que sofre, Eng. Catarina Martins Bettencourt, e o Pe. Miguel Pedro Melo, Jesu\u00edta membro da Prov\u00edncia chinesa durante 3 [&hellip;]<\/p>\n","protected":false},"author":1,"featured_media":10315,"comment_status":"open","ping_status":"closed","sticky":false,"template":"","format":"standard","meta":{"ngg_post_thumbnail":0},"categories":[1,4,2,6],"tags":[],"_links":{"self":[{"href":"http:\/\/paroquiagloria.org\/v2\/index.php?rest_route=\/wp\/v2\/posts\/10320"}],"collection":[{"href":"http:\/\/paroquiagloria.org\/v2\/index.php?rest_route=\/wp\/v2\/posts"}],"about":[{"href":"http:\/\/paroquiagloria.org\/v2\/index.php?rest_route=\/wp\/v2\/types\/post"}],"author":[{"embeddable":true,"href":"http:\/\/paroquiagloria.org\/v2\/index.php?rest_route=\/wp\/v2\/users\/1"}],"replies":[{"embeddable":true,"href":"http:\/\/paroquiagloria.org\/v2\/index.php?rest_route=%2Fwp%2Fv2%2Fcomments&post=10320"}],"version-history":[{"count":2,"href":"http:\/\/paroquiagloria.org\/v2\/index.php?rest_route=\/wp\/v2\/posts\/10320\/revisions"}],"predecessor-version":[{"id":10328,"href":"http:\/\/paroquiagloria.org\/v2\/index.php?rest_route=\/wp\/v2\/posts\/10320\/revisions\/10328"}],"wp:featuredmedia":[{"embeddable":true,"href":"http:\/\/paroquiagloria.org\/v2\/index.php?rest_route=\/wp\/v2\/media\/10315"}],"wp:attachment":[{"href":"http:\/\/paroquiagloria.org\/v2\/index.php?rest_route=%2Fwp%2Fv2%2Fmedia&parent=10320"}],"wp:term":[{"taxonomy":"category","embeddable":true,"href":"http:\/\/paroquiagloria.org\/v2\/index.php?rest_route=%2Fwp%2Fv2%2Fcategories&post=10320"},{"taxonomy":"post_tag","embeddable":true,"href":"http:\/\/paroquiagloria.org\/v2\/index.php?rest_route=%2Fwp%2Fv2%2Ftags&post=10320"}],"curies":[{"name":"wp","href":"https:\/\/api.w.org\/{rel}","templated":true}]}}