{"id":10295,"date":"2022-03-26T20:04:35","date_gmt":"2022-03-26T20:04:35","guid":{"rendered":"http:\/\/paroquiagloria.org\/v2\/?p=10295"},"modified":"2022-03-26T20:04:36","modified_gmt":"2022-03-26T20:04:36","slug":"diocese-de-aveiro-aumenta-o-apoio-aos-refugiados-da-ucrania","status":"publish","type":"post","link":"http:\/\/paroquiagloria.org\/v2\/?p=10295","title":{"rendered":"Diocese de Aveiro aumenta o apoio aos refugiados da Ucr\u00e2nia"},"content":{"rendered":"\n<p><\/p>\n\n\n\n<div class=\"wp-block-image\"><figure class=\"aligncenter size-large\"><a href=\"http:\/\/paroquiagloria.org\/v2\/wp-content\/uploads\/2022\/03\/casa_diocesana-95462_960x340.jpg\"><img loading=\"lazy\" width=\"960\" height=\"340\" src=\"http:\/\/paroquiagloria.org\/v2\/wp-content\/uploads\/2022\/03\/casa_diocesana-95462_960x340.jpg\" alt=\"\" class=\"wp-image-10283\" srcset=\"http:\/\/paroquiagloria.org\/v2\/wp-content\/uploads\/2022\/03\/casa_diocesana-95462_960x340.jpg 960w, http:\/\/paroquiagloria.org\/v2\/wp-content\/uploads\/2022\/03\/casa_diocesana-95462_960x340-300x106.jpg 300w, http:\/\/paroquiagloria.org\/v2\/wp-content\/uploads\/2022\/03\/casa_diocesana-95462_960x340-768x272.jpg 768w\" sizes=\"(max-width: 960px) 100vw, 960px\" \/><\/a><\/figure><\/div>\n\n\n\n<p>Ao longo das \u00faltimas semanas o Secretariado Diocesano da Pastoral S\u00f3cio Caritativa tem desenvolvido in\u00fameras a\u00e7\u00f5es com as institui\u00e7\u00f5es diocesanas com o objetivo de ajudar o povo ucraniano. Tem realizado um trabalho conjunto com a C\u00e1ritas Diocesana e Nacional, com a Igreja Ortodoxa em Aveiro que podemos acompanhar atrav\u00e9s da p\u00e1gina https:\/\/diocese-aveiro.pt\/apoiarucrania\/. Assim, em articula\u00e7\u00e3o com o Alto Comissariado para as Migra\u00e7\u00f5es (ACM), p\u00f5e \u00e0 disposi\u00e7\u00e3o dos nossos Irm\u00e3os ucranianos a zona social da Casa Diocesana de Nossa Senhora do Socorro em Albergaria-a-Velha.<\/p>\n\n\n\n<p class=\"has-text-align-right\"><a href=\"http:\/\/www.diocese-aveiro.pt\/v2\/?p=22027\" data-type=\"URL\" data-id=\"http:\/\/www.diocese-aveiro.pt\/v2\/?p=22027\" target=\"_blank\" rel=\"noreferrer noopener\">Diocese de Aveiro<\/a><\/p>\n\n\n\n<p class=\"has-text-align-right\"><a href=\"https:\/\/diocese-aveiro.pt\/apoiarucrania\/\" data-type=\"URL\" data-id=\"https:\/\/diocese-aveiro.pt\/apoiarucrania\/\" target=\"_blank\" rel=\"noreferrer noopener\">Apoio \u00e0 Ucr\u00e2nia<\/a><\/p>\n","protected":false},"excerpt":{"rendered":"<p>Ao longo das \u00faltimas semanas o Secretariado Diocesano da Pastoral S\u00f3cio Caritativa tem desenvolvido in\u00fameras a\u00e7\u00f5es com as institui\u00e7\u00f5es diocesanas com o objetivo de ajudar o povo ucraniano. Tem realizado um trabalho conjunto com a C\u00e1ritas Diocesana e Nacional, com a Igreja Ortodoxa em Aveiro que podemos acompanhar atrav\u00e9s da p\u00e1gina https:\/\/diocese-aveiro.pt\/apoiarucrania\/. Assim, em articula\u00e7\u00e3o [&hellip;]<\/p>\n","protected":false},"author":1,"featured_media":10286,"comment_status":"open","ping_status":"closed","sticky":false,"template":"","format":"standard","meta":{"ngg_post_thumbnail":0},"categories":[1,4,2,6],"tags":[],"_links":{"self":[{"href":"http:\/\/paroquiagloria.org\/v2\/index.php?rest_route=\/wp\/v2\/posts\/10295"}],"collection":[{"href":"http:\/\/paroquiagloria.org\/v2\/index.php?rest_route=\/wp\/v2\/posts"}],"about":[{"href":"http:\/\/paroquiagloria.org\/v2\/index.php?rest_route=\/wp\/v2\/types\/post"}],"author":[{"embeddable":true,"href":"http:\/\/paroquiagloria.org\/v2\/index.php?rest_route=\/wp\/v2\/users\/1"}],"replies":[{"embeddable":true,"href":"http:\/\/paroquiagloria.org\/v2\/index.php?rest_route=%2Fwp%2Fv2%2Fcomments&post=10295"}],"version-history":[{"count":1,"href":"http:\/\/paroquiagloria.org\/v2\/index.php?rest_route=\/wp\/v2\/posts\/10295\/revisions"}],"predecessor-version":[{"id":10296,"href":"http:\/\/paroquiagloria.org\/v2\/index.php?rest_route=\/wp\/v2\/posts\/10295\/revisions\/10296"}],"wp:featuredmedia":[{"embeddable":true,"href":"http:\/\/paroquiagloria.org\/v2\/index.php?rest_route=\/wp\/v2\/media\/10286"}],"wp:attachment":[{"href":"http:\/\/paroquiagloria.org\/v2\/index.php?rest_route=%2Fwp%2Fv2%2Fmedia&parent=10295"}],"wp:term":[{"taxonomy":"category","embeddable":true,"href":"http:\/\/paroquiagloria.org\/v2\/index.php?rest_route=%2Fwp%2Fv2%2Fcategories&post=10295"},{"taxonomy":"post_tag","embeddable":true,"href":"http:\/\/paroquiagloria.org\/v2\/index.php?rest_route=%2Fwp%2Fv2%2Ftags&post=10295"}],"curies":[{"name":"wp","href":"https:\/\/api.w.org\/{rel}","templated":true}]}}