{"id":10291,"date":"2022-03-26T20:00:17","date_gmt":"2022-03-26T20:00:17","guid":{"rendered":"http:\/\/paroquiagloria.org\/v2\/?p=10291"},"modified":"2022-03-26T20:00:18","modified_gmt":"2022-03-26T20:00:18","slug":"o-papa-disse","status":"publish","type":"post","link":"http:\/\/paroquiagloria.org\/v2\/?p=10291","title":{"rendered":"O Papa disse&#8230;"},"content":{"rendered":"\n<div class=\"wp-block-image\"><figure class=\"aligncenter size-large\"><a href=\"http:\/\/paroquiagloria.org\/v2\/wp-content\/uploads\/2022\/03\/papa_disse.jpeg\"><img loading=\"lazy\" width=\"1000\" height=\"563\" src=\"http:\/\/paroquiagloria.org\/v2\/wp-content\/uploads\/2022\/03\/papa_disse.jpeg\" alt=\"\" class=\"wp-image-10282\" srcset=\"http:\/\/paroquiagloria.org\/v2\/wp-content\/uploads\/2022\/03\/papa_disse.jpeg 1000w, http:\/\/paroquiagloria.org\/v2\/wp-content\/uploads\/2022\/03\/papa_disse-300x169.jpeg 300w, http:\/\/paroquiagloria.org\/v2\/wp-content\/uploads\/2022\/03\/papa_disse-768x432.jpeg 768w\" sizes=\"(max-width: 1000px) 100vw, 1000px\" \/><\/a><\/figure><\/div>\n\n\n\n<p>O Papa Francisco reafirmou no dia 25 de mar\u00e7o que a Confiss\u00e3o sacramental \u00e9 secreta \u201cdo in\u00edcio ao fim\u201d, falando aos participantes da 32\u00aa edi\u00e7\u00e3o do Curso sobre o Foro Interno do Tribunal da Penitenciaria Apost\u00f3lica, no Vaticano. O Papa destacou que \u201co perd\u00e3o \u00e9 um direito humano\u201d, um \u2018direito\u2019 no sentido que Deus, no Mist\u00e9rio Pascal de Cristo, \u201co deu total e irreversivelmente a toda pessoa disposta a aceit\u00e1-lo, com um cora\u00e7\u00e3o humilde e arrependido\u201d. Incentivou, ainda, a irem \u201cde boa vontade ao confession\u00e1rio\u201d, que acolham, escutem, acompanhem, \u201csabendo que todos, mas realmente todos, precisam de perd\u00e3o\u201d, sentirem-se \u201camados como filhos por Deus Pai\u201d.<\/p>\n\n\n\n<p class=\"has-text-align-right\"><a rel=\"noreferrer noopener\" href=\"https:\/\/agencia.ecclesia.pt\/portal\/vaticano-confissao-e-secreta-do-comeco-ao-fim-diz-o-papa\/\" data-type=\"URL\" data-id=\"https:\/\/agencia.ecclesia.pt\/portal\/vaticano-confissao-e-secreta-do-comeco-ao-fim-diz-o-papa\/\" target=\"_blank\">Ag\u00eancia Ecclesia<\/a><\/p>\n\n\n\n<p class=\"has-text-align-right\"><a href=\"https:\/\/www.vaticannews.va\/pt\/papa\/news\/2022-03\/papa-francisco-foro-interno-penitenciaria-apostolica.html\" data-type=\"URL\" data-id=\"https:\/\/www.vaticannews.va\/pt\/papa\/news\/2022-03\/papa-francisco-foro-interno-penitenciaria-apostolica.html\" target=\"_blank\" rel=\"noreferrer noopener\">Vatican News<\/a><\/p>\n","protected":false},"excerpt":{"rendered":"<p>O Papa Francisco reafirmou no dia 25 de mar\u00e7o que a Confiss\u00e3o sacramental \u00e9 secreta \u201cdo in\u00edcio ao fim\u201d, falando aos participantes da 32\u00aa edi\u00e7\u00e3o do Curso sobre o Foro Interno do Tribunal da Penitenciaria Apost\u00f3lica, no Vaticano. O Papa destacou que \u201co perd\u00e3o \u00e9 um direito humano\u201d, um \u2018direito\u2019 no sentido que Deus, no [&hellip;]<\/p>\n","protected":false},"author":1,"featured_media":10287,"comment_status":"open","ping_status":"closed","sticky":false,"template":"","format":"standard","meta":{"ngg_post_thumbnail":0},"categories":[1,4,2,6],"tags":[],"_links":{"self":[{"href":"http:\/\/paroquiagloria.org\/v2\/index.php?rest_route=\/wp\/v2\/posts\/10291"}],"collection":[{"href":"http:\/\/paroquiagloria.org\/v2\/index.php?rest_route=\/wp\/v2\/posts"}],"about":[{"href":"http:\/\/paroquiagloria.org\/v2\/index.php?rest_route=\/wp\/v2\/types\/post"}],"author":[{"embeddable":true,"href":"http:\/\/paroquiagloria.org\/v2\/index.php?rest_route=\/wp\/v2\/users\/1"}],"replies":[{"embeddable":true,"href":"http:\/\/paroquiagloria.org\/v2\/index.php?rest_route=%2Fwp%2Fv2%2Fcomments&post=10291"}],"version-history":[{"count":1,"href":"http:\/\/paroquiagloria.org\/v2\/index.php?rest_route=\/wp\/v2\/posts\/10291\/revisions"}],"predecessor-version":[{"id":10292,"href":"http:\/\/paroquiagloria.org\/v2\/index.php?rest_route=\/wp\/v2\/posts\/10291\/revisions\/10292"}],"wp:featuredmedia":[{"embeddable":true,"href":"http:\/\/paroquiagloria.org\/v2\/index.php?rest_route=\/wp\/v2\/media\/10287"}],"wp:attachment":[{"href":"http:\/\/paroquiagloria.org\/v2\/index.php?rest_route=%2Fwp%2Fv2%2Fmedia&parent=10291"}],"wp:term":[{"taxonomy":"category","embeddable":true,"href":"http:\/\/paroquiagloria.org\/v2\/index.php?rest_route=%2Fwp%2Fv2%2Fcategories&post=10291"},{"taxonomy":"post_tag","embeddable":true,"href":"http:\/\/paroquiagloria.org\/v2\/index.php?rest_route=%2Fwp%2Fv2%2Ftags&post=10291"}],"curies":[{"name":"wp","href":"https:\/\/api.w.org\/{rel}","templated":true}]}}