{"id":10273,"date":"2022-03-20T12:04:45","date_gmt":"2022-03-20T12:04:45","guid":{"rendered":"http:\/\/paroquiagloria.org\/v2\/?p=10273"},"modified":"2022-03-20T12:04:46","modified_gmt":"2022-03-20T12:04:46","slug":"semana-santa-2022","status":"publish","type":"post","link":"http:\/\/paroquiagloria.org\/v2\/?p=10273","title":{"rendered":"SEMANA SANTA 2022"},"content":{"rendered":"\n<div class=\"wp-block-image\"><figure class=\"aligncenter size-large\"><a href=\"http:\/\/paroquiagloria.org\/v2\/wp-content\/uploads\/2016\/03\/banner_ensaios_SemanaSanta.jpg\"><img loading=\"lazy\" width=\"960\" height=\"450\" src=\"http:\/\/paroquiagloria.org\/v2\/wp-content\/uploads\/2016\/03\/banner_ensaios_SemanaSanta.jpg\" alt=\"\" class=\"wp-image-4213\" srcset=\"http:\/\/paroquiagloria.org\/v2\/wp-content\/uploads\/2016\/03\/banner_ensaios_SemanaSanta.jpg 960w, http:\/\/paroquiagloria.org\/v2\/wp-content\/uploads\/2016\/03\/banner_ensaios_SemanaSanta-300x141.jpg 300w\" sizes=\"(max-width: 960px) 100vw, 960px\" \/><\/a><\/figure><\/div>\n\n\n\n<p><\/p>\n\n\n\n<h2><\/h2>\n\n\n\n<h3>&nbsp; &nbsp; &nbsp; &nbsp; &nbsp; &nbsp; &nbsp; &nbsp; <a href=\"http:\/\/paroquiagloria.org\/v2\/wp-content\/uploads\/2022\/03\/Semana_Santa_2022.pdf\">Programa e ensaios paroquiais<\/a><\/h3>\n\n\n\n<p class=\"has-text-align-left\"><span style=\"text-decoration: underline;\"><strong>Datas dos ensaios:<\/strong><\/span><\/p>\n\n\n\n<figure class=\"wp-block-table aligncenter\"><table><tbody><tr><td><strong>20 de Mar\u00e7o &#8211; 20h45 [Igreja]<\/strong><\/td><td>Ensaio para a Vig\u00edlia Pascal<\/td><\/tr><tr><td><strong>3 de Abril &#8211; 20h45 [Igreja]<\/strong><\/td><td>Ensaio para Ceia do Senhor e Paix\u00e3o do Senhor e Adora\u00e7\u00e3o da Cruz<\/td><\/tr><tr><td><strong>10 de Abril &#8211; 20h45 [Igreja]&nbsp;<\/strong><\/td><td>Ensaio para Ceia do Senhor e Paix\u00e3o do Senhor e Adora\u00e7\u00e3o da Cruz<\/td><\/tr><\/tbody><\/table><\/figure>\n\n\n\n<div class=\"wp-container-1 wp-block-group\"><div class=\"wp-block-group__inner-container\">\n<p><\/p>\n\n\n\n<h3 class=\"has-luminous-vivid-amber-color has-black-background-color has-text-color has-background\"><span style=\"color: #ffff00; font-family: Georgia, 'Times New Roman', 'Bitstream Charter', Times, serif;\"> QUINTA-FEIRA SANTA \u2013 14 de&nbsp;Abril<\/span> <\/h3>\n<\/div><\/div>\n\n\n\n<p class=\"has-text-align-center\"><span style=\"color: #800080;\"><strong>10.00H \u2013<\/strong>&nbsp;EUCARISTIA CRISMAL<\/span><\/p>\n\n\n\n<p class=\"has-text-align-center\"><span style=\"color: #800080;\"><strong>21.30H \u2013<\/strong>&nbsp;MISSA VESPERTINA DA CEIA DO SENHOR<\/span><\/p>\n\n\n\n<figure class=\"wp-block-table aligncenter\"><table><tbody><tr><td><strong>Entrada:<\/strong>&nbsp;<a href=\"http:\/\/paroquiagloria.org\/v2\/wp-content\/uploads\/2013\/02\/1.-Toda-a-nossa-gl\u00f3ria-M.-Luis.pdf\" target=\"_blank\" rel=\"noopener\">Toda a Nossa Gl\u00f3ria<\/a>&nbsp;(M. Lu\u00eds)<\/td><\/tr><tr><td><strong>Acto Penitencial:<\/strong>&nbsp;<a rel=\"noopener\" href=\"http:\/\/paroquiagloria.org\/v2\/wp-content\/uploads\/2013\/02\/2.-Kyrie-eleison-J.-Berthier.pdf\" target=\"_blank\">Kyrie, eleison<\/a>&nbsp;(J. Berthier) (Rito Penit. IV p\u00e1g.2)<\/td><\/tr><tr><td><strong>Canto da Gl\u00f3ria:<\/strong>&nbsp;<a rel=\"noopener\" href=\"http:\/\/paroquiagloria.org\/v2\/wp-content\/uploads\/2013\/02\/3.-Gl\u00f3ria-A.-Cartageno.pdf\" target=\"_blank\">Gl\u00f3ria a Deus<\/a>&nbsp;(A. Cartageno) (Gl\u00f3ria V, p\u00e1g. 13)<\/td><\/tr><tr><td><strong>Salmo:<\/strong>&nbsp;<a href=\"http:\/\/paroquiagloria.org\/v2\/wp-content\/uploads\/2013\/02\/4.-O-c\u00e1lice-de-ben\u00e7\u00e3o-SR-R.-Ramos.pdf\" target=\"_blank\" rel=\"noopener\">O C\u00e1lice de b\u00ean\u00e7\u00e3o<\/a>&nbsp;(R. Ramos)<\/td><\/tr><tr><td><strong>Aclama\u00e7\u00e3o:<\/strong>&nbsp;<a href=\"http:\/\/paroquiagloria.org\/v2\/wp-content\/uploads\/2022\/03\/5.-Aclamacao-ao-Evangelho-Ceia-do-Senhor.pdf\" data-type=\"URL\" data-id=\"http:\/\/paroquiagloria.org\/v2\/wp-content\/uploads\/2022\/03\/5.-Aclamacao-ao-Evangelho-Ceia-do-Senhor.pdf\" target=\"_blank\" rel=\"noreferrer noopener\">Louvor a V\u00f3s, Rei da Eterna Gl\u00f3ria<\/a>&nbsp;(M. Lu\u00eds)<\/td><\/tr><tr><td>&nbsp; &nbsp; &nbsp; &nbsp; &nbsp; &nbsp; &nbsp; &nbsp; &nbsp; &nbsp; &nbsp; &nbsp;<em>&nbsp;&nbsp;com aclama\u00e7\u00e3o pr\u00f3pria do dia<\/em><\/td><\/tr><tr><td><strong>Lava-P\u00e9s:<\/strong>&nbsp;<a href=\"http:\/\/paroquiagloria.org\/v2\/wp-content\/uploads\/2013\/02\/6.-O-que-Eu-vos-fiz-coro-P.-Cruz.pdf\" target=\"_blank\" rel=\"noopener\">O que Eu vos fiz<\/a>&nbsp;(P. Cruz)<\/td><\/tr><tr><td>&nbsp; &nbsp; &nbsp; &nbsp; &nbsp; &nbsp; &nbsp; &nbsp; &nbsp; &nbsp; &nbsp;&nbsp;<a href=\"http:\/\/paroquiagloria.org\/v2\/wp-content\/uploads\/2013\/02\/7.-Se-vos-amardes-uns-aos-outros-F.-Silva_R.-Ramos.pdf\" target=\"_blank\" rel=\"noopener\">Se vos amardes uns aos outros<\/a>&nbsp;(F. Silva\/R.Ramos)<\/td><\/tr><tr><td><strong>Apresenta\u00e7\u00e3o dos Dons:<\/strong>&nbsp;<a href=\"http:\/\/paroquiagloria.org\/v2\/wp-content\/uploads\/2013\/02\/8.-Onde-h\u00e1-caridade-coro-R.Ramos_.pdf\" target=\"_blank\" rel=\"noopener\">Onde h\u00e1 caridade e amor<\/a>&nbsp;(R. Ramos)<\/td><\/tr><tr><td><strong>Santo:<\/strong>&nbsp;<a rel=\"noreferrer noopener\" href=\"http:\/\/paroquiagloria.org\/v2\/wp-content\/uploads\/2013\/02\/9.-Santo-em-sib-C.-Silva.pdf\" target=\"_blank\">Santo<\/a> XII, em Sib (C. Silva\/A. Cartageno ) (Ordin\u00e1rio, Anexo I)<\/td><\/tr><tr><td><strong>Cordeiro de Deus:<\/strong>&nbsp;<a rel=\"noreferrer noopener\" href=\"http:\/\/paroquiagloria.org\/v2\/wp-content\/uploads\/2013\/02\/10.-Cordeiro-de-Deus-em-R%C3%A9-menor-A.-Cartageno.pdf\" target=\"_blank\">Cordeiro de Deus<\/a> I, em R\u00e9 menor (A. Cartageno) (Agnus Dei XIV, p\u00e1g. 24))<\/td><\/tr><tr><td><strong>Comunh\u00e3o:&nbsp;<\/strong>&nbsp;<a href=\"http:\/\/paroquiagloria.org\/v2\/wp-content\/uploads\/2013\/02\/11.-Isto-\u00e9-o-meu-corpo-C.-Silva.pdf\" target=\"_blank\" rel=\"noopener\">Isto \u00e9 o meu corpo<\/a>&nbsp;(C. Silva)<\/td><\/tr><tr><td><strong>2\u00ba de Comunh\u00e3o:<\/strong>&nbsp;<a rel=\"noopener\" href=\"http:\/\/paroquiagloria.org\/v2\/wp-content\/uploads\/2013\/02\/12.-Bendito-sejas-Senhor-A.-Cartageno.pdf\" target=\"_blank\">Bendito sejas. Senhor<\/a>&nbsp;(A. Cartageno\/F. Melro)<\/td><\/tr><tr><td><strong>Prepara\u00e7\u00e3o da Sagrada Reserva:<\/strong>&nbsp;<a href=\"http:\/\/paroquiagloria.org\/v2\/wp-content\/uploads\/2013\/02\/13.-Meu-Deus-eu-creio-C.-Silva.pdf\" target=\"_blank\" rel=\"noopener\">Meu Deus eu creio<\/a>&nbsp;(C. Silva)<\/td><\/tr><tr><td><strong>Translada\u00e7\u00e3o:<\/strong>&nbsp;<a href=\"http:\/\/paroquiagloria.org\/v2\/wp-content\/uploads\/2015\/03\/13.-Celebremos-o-Mist\u00e9rio-F.-Santos.pdf\" data-type=\"URL\" data-id=\"http:\/\/paroquiagloria.org\/v2\/wp-content\/uploads\/2015\/03\/13.-Celebremos-o-Mist\u00e9rio-F.-Santos.pdf\" target=\"_blank\" rel=\"noreferrer noopener\">Celebremos o Mist\u00e9rio<\/a>&nbsp;(F. Santos)<\/td><\/tr><\/tbody><\/table><\/figure>\n\n\n\n<h3 class=\"has-luminous-vivid-amber-color has-black-background-color has-text-color has-background\"><span style=\"color: #ffff00;\">SEXTA-FEIRA SANTA \u2013 15 de&nbsp;Abril<\/span><\/h3>\n\n\n\n<p class=\"has-text-align-center\"><span style=\"color: #800080;\"><strong>17.30H \u2013<\/strong>&nbsp;CELEBRA\u00c7\u00c3O LIT\u00daRGICA DA PAIX\u00c3O DO SENHOR<\/span><\/p>\n\n\n\n<figure class=\"wp-block-table aligncenter\"><table><tbody><tr><td><strong>Salmo:<\/strong>&nbsp;<a href=\"http:\/\/paroquiagloria.org\/v2\/wp-content\/uploads\/2014\/03\/Pai-em-vossas-m\u00e3os-entrego-o-meu-esp\u00edrito.pdf\" data-type=\"URL\" data-id=\"http:\/\/paroquiagloria.org\/v2\/wp-content\/uploads\/2014\/03\/Pai-em-vossas-m\u00e3os-entrego-o-meu-esp\u00edrito.pdf\" target=\"_blank\" rel=\"noreferrer noopener\">Pai, em vossas m\u00e3os entrego o meu esp\u00edrito<\/a>&nbsp;(M. Luis)<\/td><\/tr><tr><td><strong>Aclama\u00e7\u00e3o:<\/strong>&nbsp;<a rel=\"noopener\" href=\"http:\/\/paroquiagloria.org\/v2\/wp-content\/uploads\/2013\/02\/2.-Gl\u00f3ria-a-V\u00f3s-Cristo-Sexta-feira-Santa-F.-Santos.pdf\" target=\"_blank\"><\/a><a rel=\"noreferrer noopener\" href=\"http:\/\/paroquiagloria.org\/v2\/wp-content\/uploads\/2022\/03\/5.-Aclamacao-ao-Evangelho-Ceia-do-Senhor.pdf\" target=\"_blank\">Louvor a V\u00f3s, Rei da Eterna Gl\u00f3ria<\/a>&nbsp;(M. Lu\u00eds)<\/td><\/tr><tr><td>&nbsp;&nbsp;&nbsp;&nbsp;&nbsp;&nbsp;&nbsp;&nbsp;&nbsp;&nbsp;&nbsp;&nbsp;&nbsp;&nbsp;&nbsp;<em>com aclama\u00e7\u00e3o pr\u00f3pria do dia<\/em><\/td><\/tr><tr><td><strong>Adora\u00e7\u00e3o da Cruz:&nbsp;<\/strong><\/td><\/tr><tr><td>&nbsp; &nbsp; &nbsp; &nbsp; &nbsp; &nbsp;&nbsp;<a href=\"http:\/\/paroquiagloria.org\/v2\/wp-content\/uploads\/2013\/02\/3.-Eis-o-madeiro-da-cruz-M.-Lu\u00eds.pdf\" target=\"_blank\" rel=\"noopener\">Eis o Madeiro da Cruz<\/a>&nbsp;(M. Luis)<\/td><\/tr><tr><td>&nbsp;&nbsp;&nbsp;&nbsp;&nbsp;&nbsp;&nbsp;&nbsp;&nbsp;&nbsp;&nbsp; Improp\u00e9rios (<a href=\"http:\/\/paroquiagloria.org\/v2\/wp-content\/uploads\/2013\/02\/4.-Meu-povo-que-te-fiz-Eu-M.-Luis.pdf\" target=\"_blank\" rel=\"noopener\">Meu povo, que te fiz eu<\/a>&nbsp;\u2026) (M. Luis)<\/td><\/tr><tr><td>&nbsp; &nbsp; &nbsp; &nbsp; &nbsp; &nbsp;&nbsp;<a href=\"http:\/\/paroquiagloria.org\/v2\/wp-content\/uploads\/2013\/02\/6.-Anima-Christi-M.-Frisina.pdf\" target=\"_blank\" rel=\"noopener\">Anima Christi<\/a>&nbsp;(Marco Frisina)<\/td><\/tr><tr><td>&nbsp; &nbsp; &nbsp; &nbsp; &nbsp; &nbsp;&nbsp;<a href=\"http:\/\/paroquiagloria.org\/v2\/wp-content\/uploads\/2016\/03\/IN-MANUS.pdf\" data-type=\"URL\" data-id=\"http:\/\/paroquiagloria.org\/v2\/wp-content\/uploads\/2016\/03\/IN-MANUS.pdf\" target=\"_blank\" rel=\"noreferrer noopener\">In manus tuas, Pater<\/a>&nbsp;(Taiz\u00e9)<\/td><\/tr><tr><td>&nbsp; &nbsp; &nbsp; &nbsp; &nbsp; &nbsp;&nbsp;<a href=\"http:\/\/paroquiagloria.org\/v2\/wp-content\/uploads\/2013\/02\/8.-Adoramos-Senhor-a-vossa-cruz-M.-Lu\u00eds.pdf\" target=\"_blank\" rel=\"noopener\">Adoramos, Senhor, a vossa cruz<\/a>&nbsp;(M. Lu\u00eds)<\/td><\/tr><tr><td><strong>Comunh\u00e3o:<\/strong><\/td><\/tr><tr><td>&nbsp; &nbsp; &nbsp; &nbsp; &nbsp; &nbsp;&nbsp;<a href=\"http:\/\/paroquiagloria.org\/v2\/wp-content\/uploads\/2014\/03\/\u00d3-Verdadeiro-Corpo-do-Senhor.pdf\" data-type=\"URL\" data-id=\"http:\/\/paroquiagloria.org\/v2\/wp-content\/uploads\/2014\/03\/\u00d3-Verdadeiro-Corpo-do-Senhor.pdf\" target=\"_blank\" rel=\"noreferrer noopener\">\u00d3 Verdadeiro Corpo do Senhor<\/a>&nbsp;(C. Silva\/J. Santos)<\/td><\/tr><tr><td>&nbsp; &nbsp; &nbsp; &nbsp; &nbsp; &nbsp;&nbsp;<a href=\"http:\/\/paroquiagloria.org\/v2\/wp-content\/uploads\/2013\/02\/11.-O-Filho-do-Homem-F.-Santos.pdf\" target=\"_blank\" rel=\"noopener\">O Filho do Homem<\/a>&nbsp;(F. Santos)<\/td><\/tr><tr><td>&nbsp; &nbsp; &nbsp; &nbsp; &nbsp; &nbsp;&nbsp;<a href=\"http:\/\/paroquiagloria.org\/v2\/wp-content\/uploads\/2013\/02\/12.-Senhor-Tu-\u00e9s-o-p\u00e3o-G.-Kirbye.pdf\" target=\"_blank\" rel=\"noopener\">Senhor, tu \u00e9s o p\u00e3o<\/a>&nbsp;(G. Kirbye)<\/td><\/tr><tr><td><strong>P\u00f3s &#8211; Comunh\u00e3o:<\/strong><\/td><\/tr><tr><td>&nbsp; &nbsp; &nbsp; &nbsp; &nbsp; &nbsp;&nbsp;<a href=\"http:\/\/paroquiagloria.org\/v2\/wp-content\/uploads\/2013\/02\/13.-O-Senhor-salvou-me-C.-Silva.pdf\" target=\"_blank\" rel=\"noopener\">O Senhor Salvou-me<\/a>&nbsp;(C. Silva)<\/td><\/tr><\/tbody><\/table><\/figure>\n\n\n\n<h3>&nbsp;<\/h3>\n\n\n\n<h3 class=\"has-luminous-vivid-amber-color has-black-background-color has-text-color has-background\"><span style=\"color: #ffff00;\">S\u00c1BADO SANTO \u2013&nbsp;16 de&nbsp;Abril<\/span><\/h3>\n\n\n\n<p class=\"has-text-align-center\"><span style=\"color: #800080;\"><strong>21.30H \u2013<\/strong>&nbsp;VIG\u00cdLIA PASCAL<\/span><\/p>\n\n\n\n<figure class=\"wp-block-table aligncenter\"><table><tbody><tr><td><strong>Entrada:<\/strong>&nbsp;<a rel=\"noopener\" href=\"http:\/\/paroquiagloria.org\/v2\/wp-content\/uploads\/2013\/02\/1.-A-luz-de-Cristo-aclama\u00e7\u00e3o-oficial.pdf\" target=\"_blank\">A Luz de Cristo<\/a>&nbsp;\u2026 Gra\u00e7as a Deus.<\/td><\/tr><tr><td><strong>1\u00ba Salmo:<\/strong>&nbsp;<a rel=\"noopener\" href=\"http:\/\/paroquiagloria.org\/v2\/wp-content\/uploads\/2013\/02\/2.-A-bondade-do-Senhor-M.-Lu\u00eds.pdf\" target=\"_blank\">A bondade do Senhor encheu a terra<\/a>. (M. Lu\u00eds)<\/td><\/tr><tr><td><strong>2\u00ba Salmo:<\/strong>&nbsp;<a rel=\"noopener\" href=\"http:\/\/paroquiagloria.org\/v2\/wp-content\/uploads\/2013\/02\/3.-Defendei-me-Senhor-M.-Lu\u00eds.pdf\" target=\"_blank\">Defendei-me Senhor, V\u00f3s sois o meu ref\u00fagio<\/a>. (M. Lu\u00eds)<\/td><\/tr><tr><td><strong>3\u00ba Salmo:<\/strong>&nbsp;<a rel=\"noopener\" href=\"http:\/\/paroquiagloria.org\/v2\/wp-content\/uploads\/2013\/02\/4.-Deus-fez-maravilhas-M.-Lu\u00eds.pdf\" target=\"_blank\">Deus fez maravilhas. O seu nome \u00e9 Senhor<\/a>. (M. Lu\u00eds)<\/td><\/tr><tr><td><strong>4\u00ba Salmo:<\/strong>&nbsp;<a rel=\"noopener\" href=\"http:\/\/paroquiagloria.org\/v2\/wp-content\/uploads\/2013\/02\/5.-Eu-vos-glorifico-Senhor-M.-Lu\u00eds.pdf\" target=\"_blank\">Eu Vos glorifico Senhor, porque me salvastes<\/a>. (M. Lu\u00eds)<\/td><\/tr><tr><td><strong>5\u00ba Salmo:<\/strong>&nbsp;<a rel=\"noopener\" href=\"http:\/\/paroquiagloria.org\/v2\/wp-content\/uploads\/2013\/02\/6.-Das-fontes-da-salva\u00e7\u00e3o-M.-Lu\u00eds.pdf\" target=\"_blank\">Das fontes da salva\u00e7\u00e3o, saciai-vos na alegria<\/a>. (M. Lu\u00eds)<\/td><\/tr><tr><td><strong>6\u00ba Salmo:<\/strong>&nbsp;<a rel=\"noopener\" href=\"http:\/\/paroquiagloria.org\/v2\/wp-content\/uploads\/2013\/02\/7.-Senhor-v\u00f3s-tendes-palavras-M.-Lu\u00eds.pdf\" target=\"_blank\">Senhor, V\u00f3s tendes palavras de vida eterna<\/a>. (M. Lu\u00eds)<\/td><\/tr><tr><td><strong>7\u00ba Salmo:<\/strong>&nbsp;<a rel=\"noopener\" href=\"http:\/\/paroquiagloria.org\/v2\/wp-content\/uploads\/2013\/02\/8.-Como-suspira-o-veado-M.-Lu\u00eds.pdf\" target=\"_blank\">Como suspira o veado pelas torrentes das \u00e1guas<\/a>. (M. Lu\u00eds)<\/td><\/tr><tr><td><strong>Canto da Gl\u00f3ria:<\/strong>&nbsp;<a rel=\"noopener\" href=\"http:\/\/paroquiagloria.org\/v2\/wp-content\/uploads\/2013\/02\/9.-Gloria_fuga-F.-Santos.pdf\" target=\"_blank\">Gl\u00f3ria<\/a>&nbsp;, com fuga (F. Santos) (Gl\u00f3ria I, p\u00e1g. 6)<\/td><\/tr><tr><td><strong>Aclama\u00e7\u00e3o:<\/strong>&nbsp;<a href=\"http:\/\/paroquiagloria.org\/v2\/wp-content\/uploads\/2016\/03\/Halleluja.pdf\" target=\"_blank\" rel=\"noopener\">Halleluja<\/a>: Rufe und Chorverse<\/td><\/tr><tr><td><a rel=\"noopener\" href=\"http:\/\/paroquiagloria.org\/v2\/wp-content\/uploads\/2013\/02\/11.-Ladainha-dos-Santos.pdf\" target=\"_blank\">Ladainha de Todos os Santos<\/a><\/td><\/tr><tr><td><strong>Aclama\u00e7\u00e3o de B\u00ean\u00e7\u00e3o:<\/strong>&nbsp;<a href=\"http:\/\/paroquiagloria.org\/v2\/wp-content\/uploads\/2013\/02\/12.-Aguas-das-fontes-A.-Cartageno.pdf\" target=\"_blank\" rel=\"noopener\">\u00c1guas das fontes<\/a>&nbsp;(A. Cartageno)<\/td><\/tr><tr><td><strong>Aspers\u00e3o:<\/strong>&nbsp;<a href=\"http:\/\/paroquiagloria.org\/v2\/wp-content\/uploads\/2013\/02\/13.-Vi-a-fonte-de-\u00e1gua-viva-Az.-de-Oliveira.pdf\" target=\"_blank\" rel=\"noopener\">Vi a Fonte de \u00c1gua Viva<\/a>&nbsp;[4 v.m.] (Az. Oliveira)<\/td><\/tr><tr><td><strong>Apresenta\u00e7\u00e3o dos Dons:<\/strong>&nbsp;<a href=\"http:\/\/paroquiagloria.org\/v2\/wp-content\/uploads\/2015\/03\/13.-Nasceu-o-Sol-da-Pascoa-M.-Luis.pdf\" data-type=\"URL\" data-id=\"http:\/\/paroquiagloria.org\/v2\/wp-content\/uploads\/2015\/03\/13.-Nasceu-o-Sol-da-Pascoa-M.-Luis.pdf\" target=\"_blank\" rel=\"noreferrer noopener\">Nasceu o Sol da P\u00e1scoa<\/a>&nbsp;(M. Lu\u00eds)<\/td><\/tr><tr><td><strong>Santo:<\/strong>&nbsp;<a rel=\"noreferrer noopener\" href=\"http:\/\/paroquiagloria.org\/v2\/wp-content\/uploads\/2013\/02\/9.-Santo-em-sib-C.-Silva.pdf\" target=\"_blank\">Santo<\/a> XII, em Sib (C. Silva\/A. Cartageno ) (Ordin\u00e1rio, Anexo I)<\/td><\/tr><tr><td><strong><a rel=\"noopener\" href=\"http:\/\/paroquiagloria.org\/v2\/wp-content\/uploads\/2013\/02\/16.-Doxologia-Final-Greg.-T.-Matias.pdf\" target=\"_blank\">Doxologia<\/a>:<\/strong>&nbsp;Gregoriano (T. Matias)<\/td><\/tr><tr><td><strong>Cordeiro de Deus:<\/strong>&nbsp;<a rel=\"noreferrer noopener\" href=\"http:\/\/paroquiagloria.org\/v2\/wp-content\/uploads\/2013\/02\/17.-Cordeiro-de-Deus-M.-Carneiro.pdf\" target=\"_blank\">Cordeiro de Deus<\/a> (M. Carneiro) (Agnus Dei IV, p\u00e1g. 21)<\/td><\/tr><tr><td><strong>Comunh\u00e3o:<\/strong>&nbsp;<a href=\"http:\/\/paroquiagloria.org\/v2\/wp-content\/uploads\/2013\/02\/18.-Cristo-nosso-Cordeiro-Pascal_M.-Simoes.pdf\" target=\"_blank\" rel=\"noopener\">Cristo, nosso Cordeiro Pascal<\/a>&nbsp;(M. Sim\u00f5es)<\/td><\/tr><tr><td><strong>P\u00f3s Comunh\u00e3o:<\/strong>&nbsp;<a href=\"http:\/\/paroquiagloria.org\/v2\/wp-content\/uploads\/2013\/02\/19.-O-Senhor-ressuscitou-A.-Cartageno1.pdf\" target=\"_blank\" rel=\"noopener\">O Senhor ressuscitou verdadeiramente<\/a>&nbsp;(A. Cartageno)<\/td><\/tr><tr><td><strong>Sa\u00edda:<\/strong>&nbsp;<a href=\"http:\/\/paroquiagloria.org\/v2\/wp-content\/uploads\/2013\/02\/20.-Ressuscitou-aleluia.pdf\" target=\"_blank\" rel=\"noopener\">Ressuscitou, Aleluia<\/a>&nbsp;(A. Cartageno)<\/td><\/tr><\/tbody><\/table><\/figure>\n\n\n\n<h2>&nbsp;<\/h2>\n","protected":false},"excerpt":{"rendered":"<p>&nbsp; &nbsp; &nbsp; &nbsp; &nbsp; &nbsp; &nbsp; &nbsp; Programa e ensaios paroquiais Datas dos ensaios: 20 de Mar\u00e7o &#8211; 20h45 [Igreja] Ensaio para a Vig\u00edlia Pascal 3 de Abril &#8211; 20h45 [Igreja] Ensaio para Ceia do Senhor e Paix\u00e3o do Senhor e Adora\u00e7\u00e3o da Cruz 10 de Abril &#8211; 20h45 [Igreja]&nbsp; Ensaio para Ceia do [&hellip;]<\/p>\n","protected":false},"author":1,"featured_media":4213,"comment_status":"open","ping_status":"closed","sticky":false,"template":"","format":"standard","meta":{"ngg_post_thumbnail":0},"categories":[1,4,2,6],"tags":[],"_links":{"self":[{"href":"http:\/\/paroquiagloria.org\/v2\/index.php?rest_route=\/wp\/v2\/posts\/10273"}],"collection":[{"href":"http:\/\/paroquiagloria.org\/v2\/index.php?rest_route=\/wp\/v2\/posts"}],"about":[{"href":"http:\/\/paroquiagloria.org\/v2\/index.php?rest_route=\/wp\/v2\/types\/post"}],"author":[{"embeddable":true,"href":"http:\/\/paroquiagloria.org\/v2\/index.php?rest_route=\/wp\/v2\/users\/1"}],"replies":[{"embeddable":true,"href":"http:\/\/paroquiagloria.org\/v2\/index.php?rest_route=%2Fwp%2Fv2%2Fcomments&post=10273"}],"version-history":[{"count":1,"href":"http:\/\/paroquiagloria.org\/v2\/index.php?rest_route=\/wp\/v2\/posts\/10273\/revisions"}],"predecessor-version":[{"id":10274,"href":"http:\/\/paroquiagloria.org\/v2\/index.php?rest_route=\/wp\/v2\/posts\/10273\/revisions\/10274"}],"wp:featuredmedia":[{"embeddable":true,"href":"http:\/\/paroquiagloria.org\/v2\/index.php?rest_route=\/wp\/v2\/media\/4213"}],"wp:attachment":[{"href":"http:\/\/paroquiagloria.org\/v2\/index.php?rest_route=%2Fwp%2Fv2%2Fmedia&parent=10273"}],"wp:term":[{"taxonomy":"category","embeddable":true,"href":"http:\/\/paroquiagloria.org\/v2\/index.php?rest_route=%2Fwp%2Fv2%2Fcategories&post=10273"},{"taxonomy":"post_tag","embeddable":true,"href":"http:\/\/paroquiagloria.org\/v2\/index.php?rest_route=%2Fwp%2Fv2%2Ftags&post=10273"}],"curies":[{"name":"wp","href":"https:\/\/api.w.org\/{rel}","templated":true}]}}