{"id":10257,"date":"2022-03-19T20:21:13","date_gmt":"2022-03-19T20:21:13","guid":{"rendered":"http:\/\/paroquiagloria.org\/v2\/?p=10257"},"modified":"2022-03-19T20:21:15","modified_gmt":"2022-03-19T20:21:15","slug":"consagracao-da-russia-e-da-ucrania","status":"publish","type":"post","link":"http:\/\/paroquiagloria.org\/v2\/?p=10257","title":{"rendered":"Consagra\u00e7\u00e3o da R\u00fassia e da Ucr\u00e2nia"},"content":{"rendered":"\n<div class=\"wp-block-image\"><figure class=\"aligncenter size-large\"><a href=\"http:\/\/paroquiagloria.org\/v2\/wp-content\/uploads\/2022\/03\/Consagracao.jpg\"><img loading=\"lazy\" width=\"1024\" height=\"682\" src=\"http:\/\/paroquiagloria.org\/v2\/wp-content\/uploads\/2022\/03\/Consagracao-1024x682.jpg\" alt=\"\" class=\"wp-image-10239\" srcset=\"http:\/\/paroquiagloria.org\/v2\/wp-content\/uploads\/2022\/03\/Consagracao-1024x682.jpg 1024w, http:\/\/paroquiagloria.org\/v2\/wp-content\/uploads\/2022\/03\/Consagracao-300x200.jpg 300w, http:\/\/paroquiagloria.org\/v2\/wp-content\/uploads\/2022\/03\/Consagracao-768x512.jpg 768w, http:\/\/paroquiagloria.org\/v2\/wp-content\/uploads\/2022\/03\/Consagracao-140x94.jpg 140w, http:\/\/paroquiagloria.org\/v2\/wp-content\/uploads\/2022\/03\/Consagracao.jpg 1280w\" sizes=\"(max-width: 1024px) 100vw, 1024px\" \/><\/a><\/figure><\/div>\n\n\n\n<p>O Papa vai consagrar a R\u00fassia e a Ucr\u00e2nia ao Imaculado Cora\u00e7\u00e3o de Maria, em liga\u00e7\u00e3o a F\u00e1tima, no dia 25 de mar\u00e7o.<br>\u201cNa sexta-feira, 25 de mar\u00e7o, durante a Celebra\u00e7\u00e3o da Penit\u00eancia, a que presidir\u00e1 \u00e0s 17h00 [menos uma em Lisboa] na Bas\u00edlica de S\u00e3o Pedro, o Papa Francisco consagrar\u00e1 a R\u00fassia e a Ucr\u00e2nia ao Imaculado Cora\u00e7\u00e3o de Maria\u201d. \u201cO mesmo ato, no mesmo dia, ser\u00e1 realizado em F\u00e1tima pelo cardeal Krajewski, esmoler de Sua Santidade, como enviado do Santo Padre\u201d.<br>A celebra\u00e7\u00e3o, na Cova da Iria, vai decorrer na Capelinha das Apari\u00e7\u00f5es \u00e0s 16h.<br><\/p>\n\n\n\n<p class=\"has-text-align-right\">Fonte: <a href=\"https:\/\/agencia.ecclesia.pt\/portal\/vaticano-papa-vai-consagrar-russia-e-ucrania-em-ligacao-a-fatima-em-atualizacao\/\" data-type=\"URL\" data-id=\"https:\/\/agencia.ecclesia.pt\/portal\/vaticano-papa-vai-consagrar-russia-e-ucrania-em-ligacao-a-fatima-em-atualizacao\/\" target=\"_blank\" rel=\"noreferrer noopener\">Agencia Ecclesia<\/a><br><\/p>\n\n\n\n<figure class=\"wp-block-pullquote\"><blockquote><p>Na Par\u00f3quia haver\u00e1 Recita\u00e7\u00e3o do ter\u00e7o e consagra\u00e7\u00e3o da R\u00fassia e da Ucr\u00e2nia, presidida pelo Sr. Bispo, na <strong>Sexta-feira, dia 25 de Mar\u00e7o, pelas 16h, na S\u00e9<\/strong>.<br>Em comunh\u00e3o com o Papa Francisco, em Roma, os bispos portugueses e o Santu\u00e1rio de F\u00e1tima.<\/p><\/blockquote><\/figure>\n","protected":false},"excerpt":{"rendered":"<p>O Papa vai consagrar a R\u00fassia e a Ucr\u00e2nia ao Imaculado Cora\u00e7\u00e3o de Maria, em liga\u00e7\u00e3o a F\u00e1tima, no dia 25 de mar\u00e7o.\u201cNa sexta-feira, 25 de mar\u00e7o, durante a Celebra\u00e7\u00e3o da Penit\u00eancia, a que presidir\u00e1 \u00e0s 17h00 [menos uma em Lisboa] na Bas\u00edlica de S\u00e3o Pedro, o Papa Francisco consagrar\u00e1 a R\u00fassia e a Ucr\u00e2nia [&hellip;]<\/p>\n","protected":false},"author":1,"featured_media":10237,"comment_status":"open","ping_status":"closed","sticky":false,"template":"","format":"standard","meta":{"ngg_post_thumbnail":0},"categories":[1,4,2,6],"tags":[],"_links":{"self":[{"href":"http:\/\/paroquiagloria.org\/v2\/index.php?rest_route=\/wp\/v2\/posts\/10257"}],"collection":[{"href":"http:\/\/paroquiagloria.org\/v2\/index.php?rest_route=\/wp\/v2\/posts"}],"about":[{"href":"http:\/\/paroquiagloria.org\/v2\/index.php?rest_route=\/wp\/v2\/types\/post"}],"author":[{"embeddable":true,"href":"http:\/\/paroquiagloria.org\/v2\/index.php?rest_route=\/wp\/v2\/users\/1"}],"replies":[{"embeddable":true,"href":"http:\/\/paroquiagloria.org\/v2\/index.php?rest_route=%2Fwp%2Fv2%2Fcomments&post=10257"}],"version-history":[{"count":1,"href":"http:\/\/paroquiagloria.org\/v2\/index.php?rest_route=\/wp\/v2\/posts\/10257\/revisions"}],"predecessor-version":[{"id":10258,"href":"http:\/\/paroquiagloria.org\/v2\/index.php?rest_route=\/wp\/v2\/posts\/10257\/revisions\/10258"}],"wp:featuredmedia":[{"embeddable":true,"href":"http:\/\/paroquiagloria.org\/v2\/index.php?rest_route=\/wp\/v2\/media\/10237"}],"wp:attachment":[{"href":"http:\/\/paroquiagloria.org\/v2\/index.php?rest_route=%2Fwp%2Fv2%2Fmedia&parent=10257"}],"wp:term":[{"taxonomy":"category","embeddable":true,"href":"http:\/\/paroquiagloria.org\/v2\/index.php?rest_route=%2Fwp%2Fv2%2Fcategories&post=10257"},{"taxonomy":"post_tag","embeddable":true,"href":"http:\/\/paroquiagloria.org\/v2\/index.php?rest_route=%2Fwp%2Fv2%2Ftags&post=10257"}],"curies":[{"name":"wp","href":"https:\/\/api.w.org\/{rel}","templated":true}]}}