{"id":10253,"date":"2022-03-19T20:18:00","date_gmt":"2022-03-19T20:18:00","guid":{"rendered":"http:\/\/paroquiagloria.org\/v2\/?p=10253"},"modified":"2022-03-19T20:18:02","modified_gmt":"2022-03-19T20:18:02","slug":"peditorio-caritas","status":"publish","type":"post","link":"http:\/\/paroquiagloria.org\/v2\/?p=10253","title":{"rendered":"Pedit\u00f3rio C\u00e1ritas"},"content":{"rendered":"\n<div class=\"wp-block-image\"><figure class=\"aligncenter size-large\"><a href=\"http:\/\/paroquiagloria.org\/v2\/wp-content\/uploads\/2022\/03\/SemanaCaritas.png\"><img loading=\"lazy\" width=\"1024\" height=\"503\" src=\"http:\/\/paroquiagloria.org\/v2\/wp-content\/uploads\/2022\/03\/SemanaCaritas-1024x503.png\" alt=\"\" class=\"wp-image-10243\" srcset=\"http:\/\/paroquiagloria.org\/v2\/wp-content\/uploads\/2022\/03\/SemanaCaritas-1024x503.png 1024w, http:\/\/paroquiagloria.org\/v2\/wp-content\/uploads\/2022\/03\/SemanaCaritas-300x147.png 300w, http:\/\/paroquiagloria.org\/v2\/wp-content\/uploads\/2022\/03\/SemanaCaritas-768x377.png 768w, http:\/\/paroquiagloria.org\/v2\/wp-content\/uploads\/2022\/03\/SemanaCaritas-1536x754.png 1536w, http:\/\/paroquiagloria.org\/v2\/wp-content\/uploads\/2022\/03\/SemanaCaritas-2048x1005.png 2048w\" sizes=\"(max-width: 1024px) 100vw, 1024px\" \/><\/a><\/figure><\/div>\n\n\n\n<p>A C\u00e1ritas Portuguesa est\u00e1 a viver a sua Semana Nacional 2022 que inclui o pedit\u00f3rio anual, que regressa \u00e0 rua nalgumas dioceses, juntando-se \u00e0 recolha de donativos online.<br>\u201cEste ano mais do que nunca precisamos porque h\u00e1 aqui uma complexidade diferente de sobreposi\u00e7\u00e3o de apelos a que temos de responder e a situa\u00e7\u00e3o n\u00e3o \u00e9 f\u00e1cil\u201d, disse a presidente da organiza\u00e7\u00e3o cat\u00f3lica, Rita Valadas.<br><\/p>\n\n\n\n<p class=\"has-text-align-right\"><em>Fonte: <a rel=\"noreferrer noopener\" href=\"https:\/\/agencia.ecclesia.pt\/portal\/portugal-presidente-da-caritas-incentiva-a-solidariedade-no-peditorio-de-rua-e-online\/\" data-type=\"URL\" data-id=\"https:\/\/agencia.ecclesia.pt\/portal\/portugal-presidente-da-caritas-incentiva-a-solidariedade-no-peditorio-de-rua-e-online\/\" target=\"_blank\">Agencia Ecclesia<\/a><\/em><\/p>\n\n\n\n<div class=\"wp-block-image\"><figure class=\"aligncenter size-large\"><a href=\"http:\/\/paroquiagloria.org\/v2\/wp-content\/uploads\/2022\/03\/SemanaCaritas_contas.png\"><img loading=\"lazy\" width=\"1024\" height=\"406\" src=\"http:\/\/paroquiagloria.org\/v2\/wp-content\/uploads\/2022\/03\/SemanaCaritas_contas.png\" alt=\"\" class=\"wp-image-10242\" srcset=\"http:\/\/paroquiagloria.org\/v2\/wp-content\/uploads\/2022\/03\/SemanaCaritas_contas.png 1024w, http:\/\/paroquiagloria.org\/v2\/wp-content\/uploads\/2022\/03\/SemanaCaritas_contas-300x119.png 300w, http:\/\/paroquiagloria.org\/v2\/wp-content\/uploads\/2022\/03\/SemanaCaritas_contas-768x305.png 768w\" sizes=\"(max-width: 1024px) 100vw, 1024px\" \/><\/a><\/figure><\/div>\n","protected":false},"excerpt":{"rendered":"<p>A C\u00e1ritas Portuguesa est\u00e1 a viver a sua Semana Nacional 2022 que inclui o pedit\u00f3rio anual, que regressa \u00e0 rua nalgumas dioceses, juntando-se \u00e0 recolha de donativos online.\u201cEste ano mais do que nunca precisamos porque h\u00e1 aqui uma complexidade diferente de sobreposi\u00e7\u00e3o de apelos a que temos de responder e a situa\u00e7\u00e3o n\u00e3o \u00e9 f\u00e1cil\u201d, [&hellip;]<\/p>\n","protected":false},"author":1,"featured_media":10238,"comment_status":"open","ping_status":"closed","sticky":false,"template":"","format":"standard","meta":{"ngg_post_thumbnail":0},"categories":[1,4,2,6,24],"tags":[],"_links":{"self":[{"href":"http:\/\/paroquiagloria.org\/v2\/index.php?rest_route=\/wp\/v2\/posts\/10253"}],"collection":[{"href":"http:\/\/paroquiagloria.org\/v2\/index.php?rest_route=\/wp\/v2\/posts"}],"about":[{"href":"http:\/\/paroquiagloria.org\/v2\/index.php?rest_route=\/wp\/v2\/types\/post"}],"author":[{"embeddable":true,"href":"http:\/\/paroquiagloria.org\/v2\/index.php?rest_route=\/wp\/v2\/users\/1"}],"replies":[{"embeddable":true,"href":"http:\/\/paroquiagloria.org\/v2\/index.php?rest_route=%2Fwp%2Fv2%2Fcomments&post=10253"}],"version-history":[{"count":1,"href":"http:\/\/paroquiagloria.org\/v2\/index.php?rest_route=\/wp\/v2\/posts\/10253\/revisions"}],"predecessor-version":[{"id":10254,"href":"http:\/\/paroquiagloria.org\/v2\/index.php?rest_route=\/wp\/v2\/posts\/10253\/revisions\/10254"}],"wp:featuredmedia":[{"embeddable":true,"href":"http:\/\/paroquiagloria.org\/v2\/index.php?rest_route=\/wp\/v2\/media\/10238"}],"wp:attachment":[{"href":"http:\/\/paroquiagloria.org\/v2\/index.php?rest_route=%2Fwp%2Fv2%2Fmedia&parent=10253"}],"wp:term":[{"taxonomy":"category","embeddable":true,"href":"http:\/\/paroquiagloria.org\/v2\/index.php?rest_route=%2Fwp%2Fv2%2Fcategories&post=10253"},{"taxonomy":"post_tag","embeddable":true,"href":"http:\/\/paroquiagloria.org\/v2\/index.php?rest_route=%2Fwp%2Fv2%2Ftags&post=10253"}],"curies":[{"name":"wp","href":"https:\/\/api.w.org\/{rel}","templated":true}]}}