{"id":10249,"date":"2022-03-19T20:10:57","date_gmt":"2022-03-19T20:10:57","guid":{"rendered":"http:\/\/paroquiagloria.org\/v2\/?p=10249"},"modified":"2022-03-19T20:10:58","modified_gmt":"2022-03-19T20:10:58","slug":"tomada-de-habito-nas-irmas-dominicanas-de-s-catarina-de-sena","status":"publish","type":"post","link":"http:\/\/paroquiagloria.org\/v2\/?p=10249","title":{"rendered":"Tomada de h\u00e1bito nas Irm\u00e3s Dominicanas de S. Catarina de Sena"},"content":{"rendered":"\n<div class=\"wp-block-image\"><figure class=\"aligncenter size-large\"><a href=\"http:\/\/paroquiagloria.org\/v2\/wp-content\/uploads\/2022\/03\/santacatarinadesena.jpg\"><img loading=\"lazy\" width=\"768\" height=\"576\" src=\"http:\/\/paroquiagloria.org\/v2\/wp-content\/uploads\/2022\/03\/santacatarinadesena.jpg\" alt=\"\" class=\"wp-image-10240\" srcset=\"http:\/\/paroquiagloria.org\/v2\/wp-content\/uploads\/2022\/03\/santacatarinadesena.jpg 768w, http:\/\/paroquiagloria.org\/v2\/wp-content\/uploads\/2022\/03\/santacatarinadesena-300x225.jpg 300w\" sizes=\"(max-width: 768px) 100vw, 768px\" \/><\/a><\/figure><\/div>\n\n\n\n<p>Na pr\u00f3xima sexta feira, dia 25, Solenidade da Anuncia\u00e7\u00e3o do Senhor, a Ana Merc\u00eas e a Olandina da Costa receber\u00e3o o h\u00e1bito religioso das Irm\u00e3s Dominicanas de S. Catarina de Sena, um momento importante na sua caminhada de consagra\u00e7\u00e3o religiosa.<br>Que este passo destas duas irm\u00e3s seja um est\u00edmulo a continuarmos a rezar pelas voca\u00e7\u00f5es religiosas e sacerdotais<\/p>\n","protected":false},"excerpt":{"rendered":"<p>Na pr\u00f3xima sexta feira, dia 25, Solenidade da Anuncia\u00e7\u00e3o do Senhor, a Ana Merc\u00eas e a Olandina da Costa receber\u00e3o o h\u00e1bito religioso das Irm\u00e3s Dominicanas de S. Catarina de Sena, um momento importante na sua caminhada de consagra\u00e7\u00e3o religiosa.Que este passo destas duas irm\u00e3s seja um est\u00edmulo a continuarmos a rezar pelas voca\u00e7\u00f5es religiosas [&hellip;]<\/p>\n","protected":false},"author":1,"featured_media":10236,"comment_status":"open","ping_status":"closed","sticky":false,"template":"","format":"standard","meta":{"ngg_post_thumbnail":0},"categories":[1,4,2,6],"tags":[],"_links":{"self":[{"href":"http:\/\/paroquiagloria.org\/v2\/index.php?rest_route=\/wp\/v2\/posts\/10249"}],"collection":[{"href":"http:\/\/paroquiagloria.org\/v2\/index.php?rest_route=\/wp\/v2\/posts"}],"about":[{"href":"http:\/\/paroquiagloria.org\/v2\/index.php?rest_route=\/wp\/v2\/types\/post"}],"author":[{"embeddable":true,"href":"http:\/\/paroquiagloria.org\/v2\/index.php?rest_route=\/wp\/v2\/users\/1"}],"replies":[{"embeddable":true,"href":"http:\/\/paroquiagloria.org\/v2\/index.php?rest_route=%2Fwp%2Fv2%2Fcomments&post=10249"}],"version-history":[{"count":1,"href":"http:\/\/paroquiagloria.org\/v2\/index.php?rest_route=\/wp\/v2\/posts\/10249\/revisions"}],"predecessor-version":[{"id":10250,"href":"http:\/\/paroquiagloria.org\/v2\/index.php?rest_route=\/wp\/v2\/posts\/10249\/revisions\/10250"}],"wp:featuredmedia":[{"embeddable":true,"href":"http:\/\/paroquiagloria.org\/v2\/index.php?rest_route=\/wp\/v2\/media\/10236"}],"wp:attachment":[{"href":"http:\/\/paroquiagloria.org\/v2\/index.php?rest_route=%2Fwp%2Fv2%2Fmedia&parent=10249"}],"wp:term":[{"taxonomy":"category","embeddable":true,"href":"http:\/\/paroquiagloria.org\/v2\/index.php?rest_route=%2Fwp%2Fv2%2Fcategories&post=10249"},{"taxonomy":"post_tag","embeddable":true,"href":"http:\/\/paroquiagloria.org\/v2\/index.php?rest_route=%2Fwp%2Fv2%2Ftags&post=10249"}],"curies":[{"name":"wp","href":"https:\/\/api.w.org\/{rel}","templated":true}]}}