{"id":10230,"date":"2022-03-13T18:32:55","date_gmt":"2022-03-13T18:32:55","guid":{"rendered":"http:\/\/paroquiagloria.org\/v2\/?p=10230"},"modified":"2022-03-13T18:32:56","modified_gmt":"2022-03-13T18:32:56","slug":"irmandade-do-senhor-dos-passos","status":"publish","type":"post","link":"http:\/\/paroquiagloria.org\/v2\/?p=10230","title":{"rendered":"Irmandade do Senhor dos Passos"},"content":{"rendered":"\n<figure class=\"wp-block-image size-large\"><a href=\"http:\/\/paroquiagloria.org\/v2\/wp-content\/uploads\/2018\/01\/banner_passos.jpg\"><img loading=\"lazy\" width=\"960\" height=\"450\" src=\"http:\/\/paroquiagloria.org\/v2\/wp-content\/uploads\/2018\/01\/banner_passos.jpg\" alt=\"\" class=\"wp-image-6189\" srcset=\"http:\/\/paroquiagloria.org\/v2\/wp-content\/uploads\/2018\/01\/banner_passos.jpg 960w, http:\/\/paroquiagloria.org\/v2\/wp-content\/uploads\/2018\/01\/banner_passos-300x141.jpg 300w\" sizes=\"(max-width: 960px) 100vw, 960px\" \/><\/a><\/figure>\n\n\n\n<p>O assunto era delicado e urgente: &#8220;Prociss\u00e3o do Senhor dos Passos&#8221;. Apesar de o motivo n\u00e3o ter convocado significativamente a Assembleia de Irm\u00e3os, todos se sentiram capazes de assumir o processo de discernimento e decis\u00e3o final.<br>Fazer ou n\u00e3o a &#8220;Prociss\u00e3o dos Passos&#8221;? SIM, foi a conclus\u00e3o de um tempo longo de mem\u00f3ria de outras eras e de partilha de dificuldades que justificavam a resist\u00eancia de uns e alimentavam a voluntariedade de outros.<br>No fim venceu o SIM, apesar das dificuldades em &#8220;recrutar&#8221; homens para os andores, pend\u00e3o e p\u00e1lio.<br>A Prociss\u00e3o do Senhor dos Passos sair\u00e1, ent\u00e3o, \u00e0 rua, se o tempo permitir, na tarde do 5\u00b0 Domingo da Quaresma, para continuar a ser um momento alto de religiosidade popular e de prepara\u00e7\u00e3o pr\u00f3xima para a viv\u00eancia da Semana Santa.<\/p>\n\n\n\n<p class=\"has-text-align-right\"><em>Pe. Fausto<\/em><\/p>\n","protected":false},"excerpt":{"rendered":"<p>O assunto era delicado e urgente: &#8220;Prociss\u00e3o do Senhor dos Passos&#8221;. Apesar de o motivo n\u00e3o ter convocado significativamente a Assembleia de Irm\u00e3os, todos se sentiram capazes de assumir o processo de discernimento e decis\u00e3o final.Fazer ou n\u00e3o a &#8220;Prociss\u00e3o dos Passos&#8221;? SIM, foi a conclus\u00e3o de um tempo longo de mem\u00f3ria de outras eras [&hellip;]<\/p>\n","protected":false},"author":1,"featured_media":6189,"comment_status":"open","ping_status":"closed","sticky":false,"template":"","format":"standard","meta":{"ngg_post_thumbnail":0},"categories":[1,4,2,6],"tags":[],"_links":{"self":[{"href":"http:\/\/paroquiagloria.org\/v2\/index.php?rest_route=\/wp\/v2\/posts\/10230"}],"collection":[{"href":"http:\/\/paroquiagloria.org\/v2\/index.php?rest_route=\/wp\/v2\/posts"}],"about":[{"href":"http:\/\/paroquiagloria.org\/v2\/index.php?rest_route=\/wp\/v2\/types\/post"}],"author":[{"embeddable":true,"href":"http:\/\/paroquiagloria.org\/v2\/index.php?rest_route=\/wp\/v2\/users\/1"}],"replies":[{"embeddable":true,"href":"http:\/\/paroquiagloria.org\/v2\/index.php?rest_route=%2Fwp%2Fv2%2Fcomments&post=10230"}],"version-history":[{"count":1,"href":"http:\/\/paroquiagloria.org\/v2\/index.php?rest_route=\/wp\/v2\/posts\/10230\/revisions"}],"predecessor-version":[{"id":10231,"href":"http:\/\/paroquiagloria.org\/v2\/index.php?rest_route=\/wp\/v2\/posts\/10230\/revisions\/10231"}],"wp:featuredmedia":[{"embeddable":true,"href":"http:\/\/paroquiagloria.org\/v2\/index.php?rest_route=\/wp\/v2\/media\/6189"}],"wp:attachment":[{"href":"http:\/\/paroquiagloria.org\/v2\/index.php?rest_route=%2Fwp%2Fv2%2Fmedia&parent=10230"}],"wp:term":[{"taxonomy":"category","embeddable":true,"href":"http:\/\/paroquiagloria.org\/v2\/index.php?rest_route=%2Fwp%2Fv2%2Fcategories&post=10230"},{"taxonomy":"post_tag","embeddable":true,"href":"http:\/\/paroquiagloria.org\/v2\/index.php?rest_route=%2Fwp%2Fv2%2Ftags&post=10230"}],"curies":[{"name":"wp","href":"https:\/\/api.w.org\/{rel}","templated":true}]}}