{"id":10228,"date":"2022-03-13T18:31:35","date_gmt":"2022-03-13T18:31:35","guid":{"rendered":"http:\/\/paroquiagloria.org\/v2\/?p=10228"},"modified":"2022-03-13T18:31:36","modified_gmt":"2022-03-13T18:31:36","slug":"oficina-paroquial-de-agentes-de-pastoral","status":"publish","type":"post","link":"http:\/\/paroquiagloria.org\/v2\/?p=10228","title":{"rendered":"Oficina Paroquial de Agentes de Pastoral"},"content":{"rendered":"\n<figure class=\"wp-block-image size-large\"><a href=\"http:\/\/paroquiagloria.org\/v2\/wp-content\/uploads\/2022\/02\/banner_OficinaOracao_5marco2022.jpg\"><img loading=\"lazy\" width=\"960\" height=\"450\" src=\"http:\/\/paroquiagloria.org\/v2\/wp-content\/uploads\/2022\/02\/banner_OficinaOracao_5marco2022.jpg\" alt=\"\" class=\"wp-image-10165\" srcset=\"http:\/\/paroquiagloria.org\/v2\/wp-content\/uploads\/2022\/02\/banner_OficinaOracao_5marco2022.jpg 960w, http:\/\/paroquiagloria.org\/v2\/wp-content\/uploads\/2022\/02\/banner_OficinaOracao_5marco2022-300x141.jpg 300w, http:\/\/paroquiagloria.org\/v2\/wp-content\/uploads\/2022\/02\/banner_OficinaOracao_5marco2022-768x360.jpg 768w\" sizes=\"(max-width: 960px) 100vw, 960px\" \/><\/a><\/figure>\n\n\n\n<p>A &#8220;Oficina de Agentes Pastorais&#8221; \u00e9 um tempo de reflex\u00e3o doutrinal sobre a Espiritualidade do Tempo Lit\u00fargico e momento privilegiado para o &#8220;acerto&#8221; das melhorias a adoptar no exerc\u00edcio das respectivas fun\u00e7\u00f5es.<br>Para a \u00faltima, realizada no s\u00e1bado, dia 5 de Mar\u00e7o, houve mais receptividade nos ministros da Palavra e da Comunh\u00e3o e menos em todos os outros. Mas as &#8220;oficinas&#8221; s\u00e3o para todos, independentemente da visibilidade do que se faz. Todo o servi\u00e7o \u00e9 igualmente merit\u00f3rio e necess\u00e1rio, devendo realizar-se o melhor poss\u00edvel.<br>Houve uma oficina no Advento e outra na Quaresma e a pr\u00f3xima acontecer\u00e1 depois da P\u00e1scoa. Oxal\u00e1 que seja participada por todos na ALEGRIA que a FESTA DO RESSUSCITADO nos deve provocar.<\/p>\n\n\n\n<p class=\"has-text-align-right\"><em>Pe. Fausto<\/em><\/p>\n","protected":false},"excerpt":{"rendered":"<p>A &#8220;Oficina de Agentes Pastorais&#8221; \u00e9 um tempo de reflex\u00e3o doutrinal sobre a Espiritualidade do Tempo Lit\u00fargico e momento privilegiado para o &#8220;acerto&#8221; das melhorias a adoptar no exerc\u00edcio das respectivas fun\u00e7\u00f5es.Para a \u00faltima, realizada no s\u00e1bado, dia 5 de Mar\u00e7o, houve mais receptividade nos ministros da Palavra e da Comunh\u00e3o e menos em todos [&hellip;]<\/p>\n","protected":false},"author":1,"featured_media":10165,"comment_status":"open","ping_status":"closed","sticky":false,"template":"","format":"standard","meta":{"ngg_post_thumbnail":0},"categories":[1,4,2,6,24],"tags":[],"_links":{"self":[{"href":"http:\/\/paroquiagloria.org\/v2\/index.php?rest_route=\/wp\/v2\/posts\/10228"}],"collection":[{"href":"http:\/\/paroquiagloria.org\/v2\/index.php?rest_route=\/wp\/v2\/posts"}],"about":[{"href":"http:\/\/paroquiagloria.org\/v2\/index.php?rest_route=\/wp\/v2\/types\/post"}],"author":[{"embeddable":true,"href":"http:\/\/paroquiagloria.org\/v2\/index.php?rest_route=\/wp\/v2\/users\/1"}],"replies":[{"embeddable":true,"href":"http:\/\/paroquiagloria.org\/v2\/index.php?rest_route=%2Fwp%2Fv2%2Fcomments&post=10228"}],"version-history":[{"count":1,"href":"http:\/\/paroquiagloria.org\/v2\/index.php?rest_route=\/wp\/v2\/posts\/10228\/revisions"}],"predecessor-version":[{"id":10229,"href":"http:\/\/paroquiagloria.org\/v2\/index.php?rest_route=\/wp\/v2\/posts\/10228\/revisions\/10229"}],"wp:featuredmedia":[{"embeddable":true,"href":"http:\/\/paroquiagloria.org\/v2\/index.php?rest_route=\/wp\/v2\/media\/10165"}],"wp:attachment":[{"href":"http:\/\/paroquiagloria.org\/v2\/index.php?rest_route=%2Fwp%2Fv2%2Fmedia&parent=10228"}],"wp:term":[{"taxonomy":"category","embeddable":true,"href":"http:\/\/paroquiagloria.org\/v2\/index.php?rest_route=%2Fwp%2Fv2%2Fcategories&post=10228"},{"taxonomy":"post_tag","embeddable":true,"href":"http:\/\/paroquiagloria.org\/v2\/index.php?rest_route=%2Fwp%2Fv2%2Ftags&post=10228"}],"curies":[{"name":"wp","href":"https:\/\/api.w.org\/{rel}","templated":true}]}}