{"id":10226,"date":"2022-03-13T18:30:28","date_gmt":"2022-03-13T18:30:28","guid":{"rendered":"http:\/\/paroquiagloria.org\/v2\/?p=10226"},"modified":"2022-03-13T18:30:29","modified_gmt":"2022-03-13T18:30:29","slug":"renuncia-quaresmal-6","status":"publish","type":"post","link":"http:\/\/paroquiagloria.org\/v2\/?p=10226","title":{"rendered":"Ren\u00fancia Quaresmal"},"content":{"rendered":"\n<figure class=\"wp-block-image size-large\"><a href=\"http:\/\/paroquiagloria.org\/v2\/wp-content\/uploads\/2022\/03\/banner_mensagem-quaresma-_banner_01.jpg\"><img loading=\"lazy\" width=\"960\" height=\"450\" src=\"http:\/\/paroquiagloria.org\/v2\/wp-content\/uploads\/2022\/03\/banner_mensagem-quaresma-_banner_01.jpg\" alt=\"\" class=\"wp-image-10197\" srcset=\"http:\/\/paroquiagloria.org\/v2\/wp-content\/uploads\/2022\/03\/banner_mensagem-quaresma-_banner_01.jpg 960w, http:\/\/paroquiagloria.org\/v2\/wp-content\/uploads\/2022\/03\/banner_mensagem-quaresma-_banner_01-300x141.jpg 300w, http:\/\/paroquiagloria.org\/v2\/wp-content\/uploads\/2022\/03\/banner_mensagem-quaresma-_banner_01-768x360.jpg 768w\" sizes=\"(max-width: 960px) 100vw, 960px\" \/><\/a><\/figure>\n\n\n\n<p>A Ren\u00fancia Quaresmal da nossa diocese de Aveiro ser\u00e1 metade para os deslocados da guerra de Cabo Delgado, na diocese de Pemba, em Mo\u00e7ambique e a outra parte para o Fundo Solid\u00e1rio do Centro Universit\u00e1rio F\u00e9 e Cultura (CUFC), de Aveiro.<\/p>\n","protected":false},"excerpt":{"rendered":"<p>A Ren\u00fancia Quaresmal da nossa diocese de Aveiro ser\u00e1 metade para os deslocados da guerra de Cabo Delgado, na diocese de Pemba, em Mo\u00e7ambique e a outra parte para o Fundo Solid\u00e1rio do Centro Universit\u00e1rio F\u00e9 e Cultura (CUFC), de Aveiro.<\/p>\n","protected":false},"author":1,"featured_media":10198,"comment_status":"open","ping_status":"closed","sticky":false,"template":"","format":"standard","meta":{"ngg_post_thumbnail":0},"categories":[1,4,2,6,24],"tags":[],"_links":{"self":[{"href":"http:\/\/paroquiagloria.org\/v2\/index.php?rest_route=\/wp\/v2\/posts\/10226"}],"collection":[{"href":"http:\/\/paroquiagloria.org\/v2\/index.php?rest_route=\/wp\/v2\/posts"}],"about":[{"href":"http:\/\/paroquiagloria.org\/v2\/index.php?rest_route=\/wp\/v2\/types\/post"}],"author":[{"embeddable":true,"href":"http:\/\/paroquiagloria.org\/v2\/index.php?rest_route=\/wp\/v2\/users\/1"}],"replies":[{"embeddable":true,"href":"http:\/\/paroquiagloria.org\/v2\/index.php?rest_route=%2Fwp%2Fv2%2Fcomments&post=10226"}],"version-history":[{"count":1,"href":"http:\/\/paroquiagloria.org\/v2\/index.php?rest_route=\/wp\/v2\/posts\/10226\/revisions"}],"predecessor-version":[{"id":10227,"href":"http:\/\/paroquiagloria.org\/v2\/index.php?rest_route=\/wp\/v2\/posts\/10226\/revisions\/10227"}],"wp:featuredmedia":[{"embeddable":true,"href":"http:\/\/paroquiagloria.org\/v2\/index.php?rest_route=\/wp\/v2\/media\/10198"}],"wp:attachment":[{"href":"http:\/\/paroquiagloria.org\/v2\/index.php?rest_route=%2Fwp%2Fv2%2Fmedia&parent=10226"}],"wp:term":[{"taxonomy":"category","embeddable":true,"href":"http:\/\/paroquiagloria.org\/v2\/index.php?rest_route=%2Fwp%2Fv2%2Fcategories&post=10226"},{"taxonomy":"post_tag","embeddable":true,"href":"http:\/\/paroquiagloria.org\/v2\/index.php?rest_route=%2Fwp%2Fv2%2Ftags&post=10226"}],"curies":[{"name":"wp","href":"https:\/\/api.w.org\/{rel}","templated":true}]}}