{"id":10223,"date":"2022-03-13T18:29:46","date_gmt":"2022-03-13T18:29:46","guid":{"rendered":"http:\/\/paroquiagloria.org\/v2\/?p=10223"},"modified":"2022-03-13T18:29:47","modified_gmt":"2022-03-13T18:29:47","slug":"quaresma-2022-3","status":"publish","type":"post","link":"http:\/\/paroquiagloria.org\/v2\/?p=10223","title":{"rendered":"Quaresma 2022 [3]"},"content":{"rendered":"\n<figure class=\"wp-block-image size-large\"><a href=\"http:\/\/paroquiagloria.org\/v2\/wp-content\/uploads\/2022\/03\/2_Domingo_cor.jpg\"><img loading=\"lazy\" width=\"1024\" height=\"576\" src=\"http:\/\/paroquiagloria.org\/v2\/wp-content\/uploads\/2022\/03\/2_Domingo_cor-1024x576.jpg\" alt=\"\" class=\"wp-image-10217\" srcset=\"http:\/\/paroquiagloria.org\/v2\/wp-content\/uploads\/2022\/03\/2_Domingo_cor-1024x576.jpg 1024w, http:\/\/paroquiagloria.org\/v2\/wp-content\/uploads\/2022\/03\/2_Domingo_cor-300x169.jpg 300w, http:\/\/paroquiagloria.org\/v2\/wp-content\/uploads\/2022\/03\/2_Domingo_cor-768x432.jpg 768w, http:\/\/paroquiagloria.org\/v2\/wp-content\/uploads\/2022\/03\/2_Domingo_cor.jpg 1120w\" sizes=\"(max-width: 1024px) 100vw, 1024px\" \/><\/a><\/figure>\n\n\n\n<h2>II Domingo da Quaresma (Transfigura\u00e7\u00e3o) &#8211; 13 de Mar\u00e7o &#8211;<\/h2>\n\n\n\n<p><span style=\"text-decoration: underline;\">Inf\u00e2ncia:<br><\/span><strong><em>Com Jesus\u2026 caminho para a Luz!<\/em><\/strong><br><em>Desafio<\/em>: Acender diariamente uma vela e rezar o Pai-Nosso em fam\u00edlia.<\/p>\n\n\n\n<figure class=\"wp-block-image size-large\"><a href=\"http:\/\/paroquiagloria.org\/v2\/wp-content\/uploads\/2022\/03\/Domingo-II-_banner.jpg\"><img loading=\"lazy\" width=\"960\" height=\"340\" src=\"http:\/\/paroquiagloria.org\/v2\/wp-content\/uploads\/2022\/03\/Domingo-II-_banner.jpg\" alt=\"\" class=\"wp-image-10212\" srcset=\"http:\/\/paroquiagloria.org\/v2\/wp-content\/uploads\/2022\/03\/Domingo-II-_banner.jpg 960w, http:\/\/paroquiagloria.org\/v2\/wp-content\/uploads\/2022\/03\/Domingo-II-_banner-300x106.jpg 300w, http:\/\/paroquiagloria.org\/v2\/wp-content\/uploads\/2022\/03\/Domingo-II-_banner-768x272.jpg 768w\" sizes=\"(max-width: 960px) 100vw, 960px\" \/><\/a><\/figure>\n\n\n\n<p><span style=\"text-decoration: underline;\">Adolesc\u00eancia:<br><\/span><em><strong>F\u00e9 Transmitida<\/strong><\/em><br>Pedro, Tiago e Jo\u00e3o ouviram Deus quando Jesus Rezava (Lc 9,28b-36)<br>Quando te lembras de ouvir falar de Deus pela primeira vez? Como foi essa experi\u00eancia?<br><em>Desafio<\/em>: Partilha a tua experi\u00eancia e faz uma ora\u00e7\u00e3o de agradecimento.<\/p>\n","protected":false},"excerpt":{"rendered":"<p>II Domingo da Quaresma (Transfigura\u00e7\u00e3o) &#8211; 13 de Mar\u00e7o &#8211; Inf\u00e2ncia:Com Jesus\u2026 caminho para a Luz!Desafio: Acender diariamente uma vela e rezar o Pai-Nosso em fam\u00edlia. Adolesc\u00eancia:F\u00e9 TransmitidaPedro, Tiago e Jo\u00e3o ouviram Deus quando Jesus Rezava (Lc 9,28b-36)Quando te lembras de ouvir falar de Deus pela primeira vez? Como foi essa experi\u00eancia?Desafio: Partilha a tua [&hellip;]<\/p>\n","protected":false},"author":1,"featured_media":10171,"comment_status":"open","ping_status":"closed","sticky":false,"template":"","format":"standard","meta":{"ngg_post_thumbnail":0},"categories":[1,4,2,6,24],"tags":[],"_links":{"self":[{"href":"http:\/\/paroquiagloria.org\/v2\/index.php?rest_route=\/wp\/v2\/posts\/10223"}],"collection":[{"href":"http:\/\/paroquiagloria.org\/v2\/index.php?rest_route=\/wp\/v2\/posts"}],"about":[{"href":"http:\/\/paroquiagloria.org\/v2\/index.php?rest_route=\/wp\/v2\/types\/post"}],"author":[{"embeddable":true,"href":"http:\/\/paroquiagloria.org\/v2\/index.php?rest_route=\/wp\/v2\/users\/1"}],"replies":[{"embeddable":true,"href":"http:\/\/paroquiagloria.org\/v2\/index.php?rest_route=%2Fwp%2Fv2%2Fcomments&post=10223"}],"version-history":[{"count":2,"href":"http:\/\/paroquiagloria.org\/v2\/index.php?rest_route=\/wp\/v2\/posts\/10223\/revisions"}],"predecessor-version":[{"id":10225,"href":"http:\/\/paroquiagloria.org\/v2\/index.php?rest_route=\/wp\/v2\/posts\/10223\/revisions\/10225"}],"wp:featuredmedia":[{"embeddable":true,"href":"http:\/\/paroquiagloria.org\/v2\/index.php?rest_route=\/wp\/v2\/media\/10171"}],"wp:attachment":[{"href":"http:\/\/paroquiagloria.org\/v2\/index.php?rest_route=%2Fwp%2Fv2%2Fmedia&parent=10223"}],"wp:term":[{"taxonomy":"category","embeddable":true,"href":"http:\/\/paroquiagloria.org\/v2\/index.php?rest_route=%2Fwp%2Fv2%2Fcategories&post=10223"},{"taxonomy":"post_tag","embeddable":true,"href":"http:\/\/paroquiagloria.org\/v2\/index.php?rest_route=%2Fwp%2Fv2%2Ftags&post=10223"}],"curies":[{"name":"wp","href":"https:\/\/api.w.org\/{rel}","templated":true}]}}