{"id":10221,"date":"2022-03-13T18:27:35","date_gmt":"2022-03-13T18:27:35","guid":{"rendered":"http:\/\/paroquiagloria.org\/v2\/?p=10221"},"modified":"2022-03-13T18:27:36","modified_gmt":"2022-03-13T18:27:36","slug":"conferencia-vicentina-2","status":"publish","type":"post","link":"http:\/\/paroquiagloria.org\/v2\/?p=10221","title":{"rendered":"Confer\u00eancia Vicentina"},"content":{"rendered":"\n<div class=\"wp-block-image\"><figure class=\"aligncenter size-large\"><a href=\"http:\/\/paroquiagloria.org\/v2\/wp-content\/uploads\/2021\/10\/ConferenciaVicentina_IBAN.jpg\"><img loading=\"lazy\" width=\"960\" height=\"450\" src=\"http:\/\/paroquiagloria.org\/v2\/wp-content\/uploads\/2021\/10\/ConferenciaVicentina_IBAN.jpg\" alt=\"\" class=\"wp-image-9743\" srcset=\"http:\/\/paroquiagloria.org\/v2\/wp-content\/uploads\/2021\/10\/ConferenciaVicentina_IBAN.jpg 960w, http:\/\/paroquiagloria.org\/v2\/wp-content\/uploads\/2021\/10\/ConferenciaVicentina_IBAN-300x141.jpg 300w, http:\/\/paroquiagloria.org\/v2\/wp-content\/uploads\/2021\/10\/ConferenciaVicentina_IBAN-768x360.jpg 768w\" sizes=\"(max-width: 960px) 100vw, 960px\" \/><\/a><\/figure><\/div>\n\n\n\n<p>No pr\u00f3ximo fim de semana realiza-se o pedit\u00f3rio para que a Confer\u00eancia Vicentina continue a apoiar muitas fam\u00edlias da nossa Par\u00f3quia. No m\u00eas de abril n\u00e3o haver\u00e1 pedit\u00f3rio por coincidir com as celebra\u00e7\u00f5es Pascais.<\/p>\n","protected":false},"excerpt":{"rendered":"<p>No pr\u00f3ximo fim de semana realiza-se o pedit\u00f3rio para que a Confer\u00eancia Vicentina continue a apoiar muitas fam\u00edlias da nossa Par\u00f3quia. No m\u00eas de abril n\u00e3o haver\u00e1 pedit\u00f3rio por coincidir com as celebra\u00e7\u00f5es Pascais.<\/p>\n","protected":false},"author":1,"featured_media":9743,"comment_status":"open","ping_status":"closed","sticky":false,"template":"","format":"standard","meta":{"ngg_post_thumbnail":0},"categories":[1,4,2,6,24],"tags":[],"_links":{"self":[{"href":"http:\/\/paroquiagloria.org\/v2\/index.php?rest_route=\/wp\/v2\/posts\/10221"}],"collection":[{"href":"http:\/\/paroquiagloria.org\/v2\/index.php?rest_route=\/wp\/v2\/posts"}],"about":[{"href":"http:\/\/paroquiagloria.org\/v2\/index.php?rest_route=\/wp\/v2\/types\/post"}],"author":[{"embeddable":true,"href":"http:\/\/paroquiagloria.org\/v2\/index.php?rest_route=\/wp\/v2\/users\/1"}],"replies":[{"embeddable":true,"href":"http:\/\/paroquiagloria.org\/v2\/index.php?rest_route=%2Fwp%2Fv2%2Fcomments&post=10221"}],"version-history":[{"count":1,"href":"http:\/\/paroquiagloria.org\/v2\/index.php?rest_route=\/wp\/v2\/posts\/10221\/revisions"}],"predecessor-version":[{"id":10222,"href":"http:\/\/paroquiagloria.org\/v2\/index.php?rest_route=\/wp\/v2\/posts\/10221\/revisions\/10222"}],"wp:featuredmedia":[{"embeddable":true,"href":"http:\/\/paroquiagloria.org\/v2\/index.php?rest_route=\/wp\/v2\/media\/9743"}],"wp:attachment":[{"href":"http:\/\/paroquiagloria.org\/v2\/index.php?rest_route=%2Fwp%2Fv2%2Fmedia&parent=10221"}],"wp:term":[{"taxonomy":"category","embeddable":true,"href":"http:\/\/paroquiagloria.org\/v2\/index.php?rest_route=%2Fwp%2Fv2%2Fcategories&post=10221"},{"taxonomy":"post_tag","embeddable":true,"href":"http:\/\/paroquiagloria.org\/v2\/index.php?rest_route=%2Fwp%2Fv2%2Ftags&post=10221"}],"curies":[{"name":"wp","href":"https:\/\/api.w.org\/{rel}","templated":true}]}}