{"id":10208,"date":"2022-03-06T17:14:43","date_gmt":"2022-03-06T17:14:43","guid":{"rendered":"http:\/\/paroquiagloria.org\/v2\/?p=10208"},"modified":"2022-03-06T17:14:45","modified_gmt":"2022-03-06T17:14:45","slug":"convite-a-caminhar-e-abrir-o-coracao-a-mudanca","status":"publish","type":"post","link":"http:\/\/paroquiagloria.org\/v2\/?p=10208","title":{"rendered":"Convite a caminhar e abrir o cora\u00e7\u00e3o \u00e0 mudan\u00e7a"},"content":{"rendered":"\n<div class=\"wp-block-image\"><figure class=\"aligncenter size-large\"><a href=\"http:\/\/paroquiagloria.org\/v2\/wp-content\/uploads\/2022\/03\/mensagem-quaresma-_banner_01.jpg\"><img loading=\"lazy\" width=\"960\" height=\"340\" src=\"http:\/\/paroquiagloria.org\/v2\/wp-content\/uploads\/2022\/03\/mensagem-quaresma-_banner_01.jpg\" alt=\"\" class=\"wp-image-10198\" srcset=\"http:\/\/paroquiagloria.org\/v2\/wp-content\/uploads\/2022\/03\/mensagem-quaresma-_banner_01.jpg 960w, http:\/\/paroquiagloria.org\/v2\/wp-content\/uploads\/2022\/03\/mensagem-quaresma-_banner_01-300x106.jpg 300w, http:\/\/paroquiagloria.org\/v2\/wp-content\/uploads\/2022\/03\/mensagem-quaresma-_banner_01-768x272.jpg 768w\" sizes=\"(max-width: 960px) 100vw, 960px\" \/><\/a><\/figure><\/div>\n\n\n\n<h2>A Quaresma, um convite a caminhar e abrir o cora\u00e7\u00e3o \u00e0 mudan\u00e7a<\/h2>\n\n\n\n<p><br>(\u2026)<br>A palavra de Jesus torna-se para n\u00f3s convite. Viver a Quaresma, tempo de purifica\u00e7\u00e3o e convers\u00e3o interior na vida da Igreja e de todo o crist\u00e3o, \u00e9 assumir a mesma atitude de Jesus e solidarizar-se com todos os que sofrem, os que s\u00e3o explorados, os que s\u00e3o exclu\u00eddos, os que s\u00e3o privados de amor e dignidade: a n\u00e3o deixar ningu\u00e9m para tr\u00e1s. Sendo tempo prop\u00edcio para a convers\u00e3o, apelando ao jejum, ao despojamento e \u00e0 partilha fraterna (cf. Mt 6,1-18), procuremos, nesta Quaresma, n\u00e3o fazer dos bens materiais as nossas prioridades de vida e viv\u00ea-la em ambiente familiar e comunit\u00e1rio com mais intensa ora\u00e7\u00e3o pessoal e comunit\u00e1ria, atentos \u00e0s necessidades dos que clamam e imploram miseric\u00f3rdia. O jejum, a ora\u00e7\u00e3o e a esmola s\u00e3o os caminhos que ajudam a viver este tempo favor\u00e1vel para sairmos transformados.<br>(\u2026)<\/p>\n\n\n\n<p class=\"has-text-align-right\"><br><em><a href=\"http:\/\/www.diocese-aveiro.pt\/v2\/?p=21940\" data-type=\"URL\" data-id=\"http:\/\/www.diocese-aveiro.pt\/v2\/?p=21940\" target=\"_blank\" rel=\"noreferrer noopener\">da Mensagem para a Quarema<br>do Sr. Bispo, D. Ant\u00f3nio Moiteiro<\/a><\/em><\/p>\n","protected":false},"excerpt":{"rendered":"<p>A Quaresma, um convite a caminhar e abrir o cora\u00e7\u00e3o \u00e0 mudan\u00e7a (\u2026)A palavra de Jesus torna-se para n\u00f3s convite. Viver a Quaresma, tempo de purifica\u00e7\u00e3o e convers\u00e3o interior na vida da Igreja e de todo o crist\u00e3o, \u00e9 assumir a mesma atitude de Jesus e solidarizar-se com todos os que sofrem, os que s\u00e3o [&hellip;]<\/p>\n","protected":false},"author":1,"featured_media":10197,"comment_status":"open","ping_status":"closed","sticky":false,"template":"","format":"standard","meta":{"ngg_post_thumbnail":0},"categories":[1,4,2,6,24],"tags":[],"_links":{"self":[{"href":"http:\/\/paroquiagloria.org\/v2\/index.php?rest_route=\/wp\/v2\/posts\/10208"}],"collection":[{"href":"http:\/\/paroquiagloria.org\/v2\/index.php?rest_route=\/wp\/v2\/posts"}],"about":[{"href":"http:\/\/paroquiagloria.org\/v2\/index.php?rest_route=\/wp\/v2\/types\/post"}],"author":[{"embeddable":true,"href":"http:\/\/paroquiagloria.org\/v2\/index.php?rest_route=\/wp\/v2\/users\/1"}],"replies":[{"embeddable":true,"href":"http:\/\/paroquiagloria.org\/v2\/index.php?rest_route=%2Fwp%2Fv2%2Fcomments&post=10208"}],"version-history":[{"count":1,"href":"http:\/\/paroquiagloria.org\/v2\/index.php?rest_route=\/wp\/v2\/posts\/10208\/revisions"}],"predecessor-version":[{"id":10209,"href":"http:\/\/paroquiagloria.org\/v2\/index.php?rest_route=\/wp\/v2\/posts\/10208\/revisions\/10209"}],"wp:featuredmedia":[{"embeddable":true,"href":"http:\/\/paroquiagloria.org\/v2\/index.php?rest_route=\/wp\/v2\/media\/10197"}],"wp:attachment":[{"href":"http:\/\/paroquiagloria.org\/v2\/index.php?rest_route=%2Fwp%2Fv2%2Fmedia&parent=10208"}],"wp:term":[{"taxonomy":"category","embeddable":true,"href":"http:\/\/paroquiagloria.org\/v2\/index.php?rest_route=%2Fwp%2Fv2%2Fcategories&post=10208"},{"taxonomy":"post_tag","embeddable":true,"href":"http:\/\/paroquiagloria.org\/v2\/index.php?rest_route=%2Fwp%2Fv2%2Ftags&post=10208"}],"curies":[{"name":"wp","href":"https:\/\/api.w.org\/{rel}","templated":true}]}}