{"id":10177,"date":"2022-02-26T20:21:04","date_gmt":"2022-02-26T20:21:04","guid":{"rendered":"http:\/\/paroquiagloria.org\/v2\/?p=10177"},"modified":"2022-02-26T20:21:05","modified_gmt":"2022-02-26T20:21:05","slug":"oracao-pela-paz","status":"publish","type":"post","link":"http:\/\/paroquiagloria.org\/v2\/?p=10177","title":{"rendered":"Ora\u00e7\u00e3o pela Paz"},"content":{"rendered":"\n<div class=\"wp-block-image\"><figure class=\"aligncenter size-large\"><a href=\"http:\/\/paroquiagloria.org\/v2\/wp-content\/uploads\/2022\/02\/Cartaz-da-Vigilia-de-Oracao-pela-Paz.jpg\"><img loading=\"lazy\" width=\"724\" height=\"1024\" src=\"http:\/\/paroquiagloria.org\/v2\/wp-content\/uploads\/2022\/02\/Cartaz-da-Vigilia-de-Oracao-pela-Paz-724x1024.jpg\" alt=\"\" class=\"wp-image-10169\" srcset=\"http:\/\/paroquiagloria.org\/v2\/wp-content\/uploads\/2022\/02\/Cartaz-da-Vigilia-de-Oracao-pela-Paz-724x1024.jpg 724w, http:\/\/paroquiagloria.org\/v2\/wp-content\/uploads\/2022\/02\/Cartaz-da-Vigilia-de-Oracao-pela-Paz-212x300.jpg 212w, http:\/\/paroquiagloria.org\/v2\/wp-content\/uploads\/2022\/02\/Cartaz-da-Vigilia-de-Oracao-pela-Paz-768x1086.jpg 768w, http:\/\/paroquiagloria.org\/v2\/wp-content\/uploads\/2022\/02\/Cartaz-da-Vigilia-de-Oracao-pela-Paz-1086x1536.jpg 1086w, http:\/\/paroquiagloria.org\/v2\/wp-content\/uploads\/2022\/02\/Cartaz-da-Vigilia-de-Oracao-pela-Paz-1448x2048.jpg 1448w, http:\/\/paroquiagloria.org\/v2\/wp-content\/uploads\/2022\/02\/Cartaz-da-Vigilia-de-Oracao-pela-Paz.jpg 1587w\" sizes=\"(max-width: 724px) 100vw, 724px\" \/><\/a><\/figure><\/div>\n\n\n\n<p>A nossa Par\u00f3quia promove na pr\u00f3xima sexta-feira, dia 4 de mar\u00e7o, pelas 21h na Igreja um momento de ora\u00e7\u00e3o pela paz. Diante dos desenvolvimentos entre a R\u00fassia e a Ucr\u00e2nia nos \u00faltimos dias, torna-se ainda mais urgente rezar e recordar este bem que continua a n\u00e3o estar garantido para todos.<\/p>\n","protected":false},"excerpt":{"rendered":"<p>A nossa Par\u00f3quia promove na pr\u00f3xima sexta-feira, dia 4 de mar\u00e7o, pelas 21h na Igreja um momento de ora\u00e7\u00e3o pela paz. Diante dos desenvolvimentos entre a R\u00fassia e a Ucr\u00e2nia nos \u00faltimos dias, torna-se ainda mais urgente rezar e recordar este bem que continua a n\u00e3o estar garantido para todos.<\/p>\n","protected":false},"author":1,"featured_media":10161,"comment_status":"open","ping_status":"closed","sticky":false,"template":"","format":"standard","meta":{"ngg_post_thumbnail":0},"categories":[1,4,2,6,24],"tags":[],"_links":{"self":[{"href":"http:\/\/paroquiagloria.org\/v2\/index.php?rest_route=\/wp\/v2\/posts\/10177"}],"collection":[{"href":"http:\/\/paroquiagloria.org\/v2\/index.php?rest_route=\/wp\/v2\/posts"}],"about":[{"href":"http:\/\/paroquiagloria.org\/v2\/index.php?rest_route=\/wp\/v2\/types\/post"}],"author":[{"embeddable":true,"href":"http:\/\/paroquiagloria.org\/v2\/index.php?rest_route=\/wp\/v2\/users\/1"}],"replies":[{"embeddable":true,"href":"http:\/\/paroquiagloria.org\/v2\/index.php?rest_route=%2Fwp%2Fv2%2Fcomments&post=10177"}],"version-history":[{"count":1,"href":"http:\/\/paroquiagloria.org\/v2\/index.php?rest_route=\/wp\/v2\/posts\/10177\/revisions"}],"predecessor-version":[{"id":10178,"href":"http:\/\/paroquiagloria.org\/v2\/index.php?rest_route=\/wp\/v2\/posts\/10177\/revisions\/10178"}],"wp:featuredmedia":[{"embeddable":true,"href":"http:\/\/paroquiagloria.org\/v2\/index.php?rest_route=\/wp\/v2\/media\/10161"}],"wp:attachment":[{"href":"http:\/\/paroquiagloria.org\/v2\/index.php?rest_route=%2Fwp%2Fv2%2Fmedia&parent=10177"}],"wp:term":[{"taxonomy":"category","embeddable":true,"href":"http:\/\/paroquiagloria.org\/v2\/index.php?rest_route=%2Fwp%2Fv2%2Fcategories&post=10177"},{"taxonomy":"post_tag","embeddable":true,"href":"http:\/\/paroquiagloria.org\/v2\/index.php?rest_route=%2Fwp%2Fv2%2Ftags&post=10177"}],"curies":[{"name":"wp","href":"https:\/\/api.w.org\/{rel}","templated":true}]}}