{"id":10153,"date":"2022-02-20T11:44:22","date_gmt":"2022-02-20T11:44:22","guid":{"rendered":"http:\/\/paroquiagloria.org\/v2\/?p=10153"},"modified":"2022-02-20T11:44:23","modified_gmt":"2022-02-20T11:44:23","slug":"cais17","status":"publish","type":"post","link":"http:\/\/paroquiagloria.org\/v2\/?p=10153","title":{"rendered":"CAIS+17"},"content":{"rendered":"\n<div class=\"wp-block-image\"><figure class=\"aligncenter size-large\"><a href=\"http:\/\/paroquiagloria.org\/v2\/wp-content\/uploads\/2021\/11\/cais17_vocacoes.jpg\"><img loading=\"lazy\" width=\"960\" height=\"540\" src=\"http:\/\/paroquiagloria.org\/v2\/wp-content\/uploads\/2021\/11\/cais17_vocacoes.jpg\" alt=\"\" class=\"wp-image-9813\" srcset=\"http:\/\/paroquiagloria.org\/v2\/wp-content\/uploads\/2021\/11\/cais17_vocacoes.jpg 960w, http:\/\/paroquiagloria.org\/v2\/wp-content\/uploads\/2021\/11\/cais17_vocacoes-300x169.jpg 300w, http:\/\/paroquiagloria.org\/v2\/wp-content\/uploads\/2021\/11\/cais17_vocacoes-768x432.jpg 768w\" sizes=\"(max-width: 960px) 100vw, 960px\" \/><\/a><\/figure><\/div>\n\n\n\n<p>O Servi\u00e7o de Voca\u00e7\u00f5es, Acolhimento e Forma\u00e7\u00e3o Espiritual promove encontros de discernimento vocacional para jovens a partir dos 17 anos \u2013 rapazes ou raparigas \u2013 que desejem aprofundar a sua voca\u00e7\u00e3o.<br>O pr\u00f3ximo encontro vai realizar-se no dia 5 de Mar\u00e7o, entre as 9h30 e as 18 horas, no Semin\u00e1rio de Aveiro (Santa Joana Princesa).<br>As inscri\u00e7\u00f5es est\u00e3o abertas at\u00e9 ao dia 1 de Mar\u00e7o e podem ser feitas por email enviado para sdv@diocese-aveiro.pt<\/p>\n\n\n\n<p><a href=\"http:\/\/www.diocese-aveiro.pt\/v2\/?p=21893\" data-type=\"URL\" data-id=\"http:\/\/www.diocese-aveiro.pt\/v2\/?p=21893\" target=\"_blank\" rel=\"noreferrer noopener\">mais informa\u00e7\u00f5es AQUI<\/a><\/p>\n","protected":false},"excerpt":{"rendered":"<p>O Servi\u00e7o de Voca\u00e7\u00f5es, Acolhimento e Forma\u00e7\u00e3o Espiritual promove encontros de discernimento vocacional para jovens a partir dos 17 anos \u2013 rapazes ou raparigas \u2013 que desejem aprofundar a sua voca\u00e7\u00e3o.O pr\u00f3ximo encontro vai realizar-se no dia 5 de Mar\u00e7o, entre as 9h30 e as 18 horas, no Semin\u00e1rio de Aveiro (Santa Joana Princesa).As inscri\u00e7\u00f5es [&hellip;]<\/p>\n","protected":false},"author":1,"featured_media":9813,"comment_status":"open","ping_status":"closed","sticky":false,"template":"","format":"standard","meta":{"ngg_post_thumbnail":0},"categories":[1,4,2,6,24],"tags":[],"_links":{"self":[{"href":"http:\/\/paroquiagloria.org\/v2\/index.php?rest_route=\/wp\/v2\/posts\/10153"}],"collection":[{"href":"http:\/\/paroquiagloria.org\/v2\/index.php?rest_route=\/wp\/v2\/posts"}],"about":[{"href":"http:\/\/paroquiagloria.org\/v2\/index.php?rest_route=\/wp\/v2\/types\/post"}],"author":[{"embeddable":true,"href":"http:\/\/paroquiagloria.org\/v2\/index.php?rest_route=\/wp\/v2\/users\/1"}],"replies":[{"embeddable":true,"href":"http:\/\/paroquiagloria.org\/v2\/index.php?rest_route=%2Fwp%2Fv2%2Fcomments&post=10153"}],"version-history":[{"count":1,"href":"http:\/\/paroquiagloria.org\/v2\/index.php?rest_route=\/wp\/v2\/posts\/10153\/revisions"}],"predecessor-version":[{"id":10154,"href":"http:\/\/paroquiagloria.org\/v2\/index.php?rest_route=\/wp\/v2\/posts\/10153\/revisions\/10154"}],"wp:featuredmedia":[{"embeddable":true,"href":"http:\/\/paroquiagloria.org\/v2\/index.php?rest_route=\/wp\/v2\/media\/9813"}],"wp:attachment":[{"href":"http:\/\/paroquiagloria.org\/v2\/index.php?rest_route=%2Fwp%2Fv2%2Fmedia&parent=10153"}],"wp:term":[{"taxonomy":"category","embeddable":true,"href":"http:\/\/paroquiagloria.org\/v2\/index.php?rest_route=%2Fwp%2Fv2%2Fcategories&post=10153"},{"taxonomy":"post_tag","embeddable":true,"href":"http:\/\/paroquiagloria.org\/v2\/index.php?rest_route=%2Fwp%2Fv2%2Ftags&post=10153"}],"curies":[{"name":"wp","href":"https:\/\/api.w.org\/{rel}","templated":true}]}}