{"id":10149,"date":"2022-02-20T11:40:58","date_gmt":"2022-02-20T11:40:58","guid":{"rendered":"http:\/\/paroquiagloria.org\/v2\/?p=10149"},"modified":"2022-02-20T11:40:59","modified_gmt":"2022-02-20T11:40:59","slug":"acontece-pela-catequese-do-7o-ano","status":"publish","type":"post","link":"http:\/\/paroquiagloria.org\/v2\/?p=10149","title":{"rendered":"Acontece pela catequese&#8230; do 7\u00ba ano"},"content":{"rendered":"\n<h2>A Cruz e as JMJ<\/h2>\n\n\n\n<div class=\"wp-block-image\"><figure class=\"aligncenter size-large\"><a href=\"http:\/\/paroquiagloria.org\/v2\/wp-content\/uploads\/2021\/06\/banner_JMJ_Aveiro.jpg\"><img loading=\"lazy\" width=\"960\" height=\"450\" src=\"http:\/\/paroquiagloria.org\/v2\/wp-content\/uploads\/2021\/06\/banner_JMJ_Aveiro.jpg\" alt=\"\" class=\"wp-image-9490\" srcset=\"http:\/\/paroquiagloria.org\/v2\/wp-content\/uploads\/2021\/06\/banner_JMJ_Aveiro.jpg 960w, http:\/\/paroquiagloria.org\/v2\/wp-content\/uploads\/2021\/06\/banner_JMJ_Aveiro-300x141.jpg 300w, http:\/\/paroquiagloria.org\/v2\/wp-content\/uploads\/2021\/06\/banner_JMJ_Aveiro-768x360.jpg 768w\" sizes=\"(max-width: 960px) 100vw, 960px\" \/><\/a><\/figure><\/div>\n\n\n\n<p>Apesar do grupo de catequese do 7.\u00ba ano n\u00e3o rumar a Lisboa \u00e0s JMJ, estes n\u00e3o querem desperdi\u00e7ar a oportunidade de conhecer as Jornadas desde a sua G\u00e9nese e viajar, em pensamento, a cada local onde foram realizadas\u2026<br>Para nos acompanhar neste caminho fizemos a nossa Cruz, S\u00edmbolo das JMJ, a nossa n\u00e3o tem 3,8m como a que o Papa S\u00e3o Jo\u00e3o Paulo II ofereceu aos jovens, em 1984, mas tem muito amor!<br>A Cruz simboliza o amor de Cristo pela humanidade, com ela devemos recordar, sentir e transmitir que este amor \u00e9 gratuito e eterno.<br>N\u00f3s fizemos a nossa num ambiente de acolhimento, entreajuda e paz, e queremos que nos acompanhe no nosso caminho catequ\u00e9tico e ao longo de toda a nossa vida!\u2026<\/p>\n","protected":false},"excerpt":{"rendered":"<p>A Cruz e as JMJ Apesar do grupo de catequese do 7.\u00ba ano n\u00e3o rumar a Lisboa \u00e0s JMJ, estes n\u00e3o querem desperdi\u00e7ar a oportunidade de conhecer as Jornadas desde a sua G\u00e9nese e viajar, em pensamento, a cada local onde foram realizadas\u2026Para nos acompanhar neste caminho fizemos a nossa Cruz, S\u00edmbolo das JMJ, a [&hellip;]<\/p>\n","protected":false},"author":1,"featured_media":9490,"comment_status":"open","ping_status":"closed","sticky":false,"template":"","format":"standard","meta":{"ngg_post_thumbnail":0},"categories":[1,4,2,6,24],"tags":[],"_links":{"self":[{"href":"http:\/\/paroquiagloria.org\/v2\/index.php?rest_route=\/wp\/v2\/posts\/10149"}],"collection":[{"href":"http:\/\/paroquiagloria.org\/v2\/index.php?rest_route=\/wp\/v2\/posts"}],"about":[{"href":"http:\/\/paroquiagloria.org\/v2\/index.php?rest_route=\/wp\/v2\/types\/post"}],"author":[{"embeddable":true,"href":"http:\/\/paroquiagloria.org\/v2\/index.php?rest_route=\/wp\/v2\/users\/1"}],"replies":[{"embeddable":true,"href":"http:\/\/paroquiagloria.org\/v2\/index.php?rest_route=%2Fwp%2Fv2%2Fcomments&post=10149"}],"version-history":[{"count":1,"href":"http:\/\/paroquiagloria.org\/v2\/index.php?rest_route=\/wp\/v2\/posts\/10149\/revisions"}],"predecessor-version":[{"id":10150,"href":"http:\/\/paroquiagloria.org\/v2\/index.php?rest_route=\/wp\/v2\/posts\/10149\/revisions\/10150"}],"wp:featuredmedia":[{"embeddable":true,"href":"http:\/\/paroquiagloria.org\/v2\/index.php?rest_route=\/wp\/v2\/media\/9490"}],"wp:attachment":[{"href":"http:\/\/paroquiagloria.org\/v2\/index.php?rest_route=%2Fwp%2Fv2%2Fmedia&parent=10149"}],"wp:term":[{"taxonomy":"category","embeddable":true,"href":"http:\/\/paroquiagloria.org\/v2\/index.php?rest_route=%2Fwp%2Fv2%2Fcategories&post=10149"},{"taxonomy":"post_tag","embeddable":true,"href":"http:\/\/paroquiagloria.org\/v2\/index.php?rest_route=%2Fwp%2Fv2%2Ftags&post=10149"}],"curies":[{"name":"wp","href":"https:\/\/api.w.org\/{rel}","templated":true}]}}