{"id":10147,"date":"2022-02-20T11:38:54","date_gmt":"2022-02-20T11:38:54","guid":{"rendered":"http:\/\/paroquiagloria.org\/v2\/?p=10147"},"modified":"2022-02-20T11:38:56","modified_gmt":"2022-02-20T11:38:56","slug":"focos-de-esperanca-a-alegria-do-encontro","status":"publish","type":"post","link":"http:\/\/paroquiagloria.org\/v2\/?p=10147","title":{"rendered":"Focos de Esperan\u00e7a &#8211; A alegria do Encontro"},"content":{"rendered":"\n<div class=\"wp-block-image\"><figure class=\"aligncenter size-large\"><a href=\"http:\/\/paroquiagloria.org\/v2\/wp-content\/uploads\/2022\/02\/FocosEsperanca_fev22.jpg\"><img loading=\"lazy\" width=\"1024\" height=\"577\" src=\"http:\/\/paroquiagloria.org\/v2\/wp-content\/uploads\/2022\/02\/FocosEsperanca_fev22-1024x577.jpg\" alt=\"\" class=\"wp-image-10144\" srcset=\"http:\/\/paroquiagloria.org\/v2\/wp-content\/uploads\/2022\/02\/FocosEsperanca_fev22-1024x577.jpg 1024w, http:\/\/paroquiagloria.org\/v2\/wp-content\/uploads\/2022\/02\/FocosEsperanca_fev22-300x169.jpg 300w, http:\/\/paroquiagloria.org\/v2\/wp-content\/uploads\/2022\/02\/FocosEsperanca_fev22-768x433.jpg 768w, http:\/\/paroquiagloria.org\/v2\/wp-content\/uploads\/2022\/02\/FocosEsperanca_fev22-1536x865.jpg 1536w, http:\/\/paroquiagloria.org\/v2\/wp-content\/uploads\/2022\/02\/FocosEsperanca_fev22.jpg 1711w\" sizes=\"(max-width: 1024px) 100vw, 1024px\" \/><\/a><\/figure><\/div>\n\n\n\n<p><\/p>\n\n\n\n<p class=\"has-text-align-left\">No passado dia 17 de fevereiro, ao fim de t\u00e3o esperados e longos meses, retomou-se os encontros presenciais quase com todos os membros dos Focos de Esperan\u00e7a de Aveiro, com o objetivo de acolher a Cruz peregrina da Juventude Blasiana.<br>No decorrer do encontro foram partilhadas v\u00e1rias inten\u00e7\u00f5es, pelos jovens e seus familiares, mensagens marcadas pela esperan\u00e7a e f\u00e9. Neste acolhimento da cruz peregrina da Juventude blasiana, cada membro recebeu uma cruz como sinal da sua vida crist\u00e3.<br>No final decorreu um momento de conv\u00edvio marcado pela partilha entre todos. A Alegria do encontro e o entusiasmo, foi uma constante.<\/p>\n\n\n\n<p class=\"has-text-align-right\"><em>Focos de Esperan\u00e7a &#8211; Instituto Secular das Cooperadoras da Fam\u00edlia<\/em><\/p>\n\n\n\n<div class=\"wp-block-image\"><figure class=\"aligncenter size-large\"><a href=\"http:\/\/paroquiagloria.org\/v2\/wp-content\/uploads\/2022\/02\/FocosEsperanca_logo.jpg\"><img loading=\"lazy\" width=\"341\" height=\"341\" src=\"http:\/\/paroquiagloria.org\/v2\/wp-content\/uploads\/2022\/02\/FocosEsperanca_logo.jpg\" alt=\"\" class=\"wp-image-10143\" srcset=\"http:\/\/paroquiagloria.org\/v2\/wp-content\/uploads\/2022\/02\/FocosEsperanca_logo.jpg 341w, http:\/\/paroquiagloria.org\/v2\/wp-content\/uploads\/2022\/02\/FocosEsperanca_logo-300x300.jpg 300w, http:\/\/paroquiagloria.org\/v2\/wp-content\/uploads\/2022\/02\/FocosEsperanca_logo-150x150.jpg 150w, http:\/\/paroquiagloria.org\/v2\/wp-content\/uploads\/2022\/02\/FocosEsperanca_logo-185x185.jpg 185w, http:\/\/paroquiagloria.org\/v2\/wp-content\/uploads\/2022\/02\/FocosEsperanca_logo-184x184.jpg 184w\" sizes=\"(max-width: 341px) 100vw, 341px\" \/><\/a><\/figure><\/div>\n\n\n\n<p><\/p>\n","protected":false},"excerpt":{"rendered":"<p>No passado dia 17 de fevereiro, ao fim de t\u00e3o esperados e longos meses, retomou-se os encontros presenciais quase com todos os membros dos Focos de Esperan\u00e7a de Aveiro, com o objetivo de acolher a Cruz peregrina da Juventude Blasiana.No decorrer do encontro foram partilhadas v\u00e1rias inten\u00e7\u00f5es, pelos jovens e seus familiares, mensagens marcadas pela [&hellip;]<\/p>\n","protected":false},"author":1,"featured_media":10140,"comment_status":"open","ping_status":"closed","sticky":false,"template":"","format":"standard","meta":{"ngg_post_thumbnail":0},"categories":[1,4,2,6],"tags":[],"_links":{"self":[{"href":"http:\/\/paroquiagloria.org\/v2\/index.php?rest_route=\/wp\/v2\/posts\/10147"}],"collection":[{"href":"http:\/\/paroquiagloria.org\/v2\/index.php?rest_route=\/wp\/v2\/posts"}],"about":[{"href":"http:\/\/paroquiagloria.org\/v2\/index.php?rest_route=\/wp\/v2\/types\/post"}],"author":[{"embeddable":true,"href":"http:\/\/paroquiagloria.org\/v2\/index.php?rest_route=\/wp\/v2\/users\/1"}],"replies":[{"embeddable":true,"href":"http:\/\/paroquiagloria.org\/v2\/index.php?rest_route=%2Fwp%2Fv2%2Fcomments&post=10147"}],"version-history":[{"count":1,"href":"http:\/\/paroquiagloria.org\/v2\/index.php?rest_route=\/wp\/v2\/posts\/10147\/revisions"}],"predecessor-version":[{"id":10148,"href":"http:\/\/paroquiagloria.org\/v2\/index.php?rest_route=\/wp\/v2\/posts\/10147\/revisions\/10148"}],"wp:featuredmedia":[{"embeddable":true,"href":"http:\/\/paroquiagloria.org\/v2\/index.php?rest_route=\/wp\/v2\/media\/10140"}],"wp:attachment":[{"href":"http:\/\/paroquiagloria.org\/v2\/index.php?rest_route=%2Fwp%2Fv2%2Fmedia&parent=10147"}],"wp:term":[{"taxonomy":"category","embeddable":true,"href":"http:\/\/paroquiagloria.org\/v2\/index.php?rest_route=%2Fwp%2Fv2%2Fcategories&post=10147"},{"taxonomy":"post_tag","embeddable":true,"href":"http:\/\/paroquiagloria.org\/v2\/index.php?rest_route=%2Fwp%2Fv2%2Ftags&post=10147"}],"curies":[{"name":"wp","href":"https:\/\/api.w.org\/{rel}","templated":true}]}}