{"id":10131,"date":"2022-02-12T20:02:35","date_gmt":"2022-02-12T20:02:35","guid":{"rendered":"http:\/\/paroquiagloria.org\/v2\/?p=10131"},"modified":"2022-02-12T20:02:36","modified_gmt":"2022-02-12T20:02:36","slug":"sinodo","status":"publish","type":"post","link":"http:\/\/paroquiagloria.org\/v2\/?p=10131","title":{"rendered":"S\u00ednodo"},"content":{"rendered":"\n<div class=\"wp-block-image\"><figure class=\"aligncenter size-large\"><a href=\"http:\/\/paroquiagloria.org\/v2\/wp-content\/uploads\/2022\/02\/small_caminhada-sinodal-cartaz.jpg\"><img loading=\"lazy\" width=\"960\" height=\"899\" src=\"http:\/\/paroquiagloria.org\/v2\/wp-content\/uploads\/2022\/02\/small_caminhada-sinodal-cartaz.jpg\" alt=\"\" class=\"wp-image-10133\" srcset=\"http:\/\/paroquiagloria.org\/v2\/wp-content\/uploads\/2022\/02\/small_caminhada-sinodal-cartaz.jpg 960w, http:\/\/paroquiagloria.org\/v2\/wp-content\/uploads\/2022\/02\/small_caminhada-sinodal-cartaz-300x281.jpg 300w, http:\/\/paroquiagloria.org\/v2\/wp-content\/uploads\/2022\/02\/small_caminhada-sinodal-cartaz-768x719.jpg 768w\" sizes=\"(max-width: 960px) 100vw, 960px\" \/><\/a><\/figure><\/div>\n\n\n\n<p>J\u00c1 RESPONDEU AO S\u00cdNODO?<\/p>\n\n\n\n<p>De forma individual ou em grupo, precisamos que d\u00ea o seu contributo, que diga aquilo que pensa sobre as celebra\u00e7\u00f5es lit\u00fargicas:<br><strong>1) Como promovemos (ou n\u00e3o) a participa\u00e7\u00e3o ativa, plena e consciente dos fi\u00e9is na Eucaristia?<br>2) Que lugar ocupam, na comunidade, os tempos de ora\u00e7\u00e3o (para al\u00e9m da missa)?<br>3) Que aspetos das celebra\u00e7\u00f5es lit\u00fargicas h\u00e1 que melhorar?<\/strong><\/p>\n","protected":false},"excerpt":{"rendered":"<p>J\u00c1 RESPONDEU AO S\u00cdNODO? De forma individual ou em grupo, precisamos que d\u00ea o seu contributo, que diga aquilo que pensa sobre as celebra\u00e7\u00f5es lit\u00fargicas:1) Como promovemos (ou n\u00e3o) a participa\u00e7\u00e3o ativa, plena e consciente dos fi\u00e9is na Eucaristia?2) Que lugar ocupam, na comunidade, os tempos de ora\u00e7\u00e3o (para al\u00e9m da missa)?3) Que aspetos das [&hellip;]<\/p>\n","protected":false},"author":1,"featured_media":10132,"comment_status":"open","ping_status":"closed","sticky":false,"template":"","format":"standard","meta":{"ngg_post_thumbnail":0},"categories":[1,4,2,6,24],"tags":[],"_links":{"self":[{"href":"http:\/\/paroquiagloria.org\/v2\/index.php?rest_route=\/wp\/v2\/posts\/10131"}],"collection":[{"href":"http:\/\/paroquiagloria.org\/v2\/index.php?rest_route=\/wp\/v2\/posts"}],"about":[{"href":"http:\/\/paroquiagloria.org\/v2\/index.php?rest_route=\/wp\/v2\/types\/post"}],"author":[{"embeddable":true,"href":"http:\/\/paroquiagloria.org\/v2\/index.php?rest_route=\/wp\/v2\/users\/1"}],"replies":[{"embeddable":true,"href":"http:\/\/paroquiagloria.org\/v2\/index.php?rest_route=%2Fwp%2Fv2%2Fcomments&post=10131"}],"version-history":[{"count":1,"href":"http:\/\/paroquiagloria.org\/v2\/index.php?rest_route=\/wp\/v2\/posts\/10131\/revisions"}],"predecessor-version":[{"id":10134,"href":"http:\/\/paroquiagloria.org\/v2\/index.php?rest_route=\/wp\/v2\/posts\/10131\/revisions\/10134"}],"wp:featuredmedia":[{"embeddable":true,"href":"http:\/\/paroquiagloria.org\/v2\/index.php?rest_route=\/wp\/v2\/media\/10132"}],"wp:attachment":[{"href":"http:\/\/paroquiagloria.org\/v2\/index.php?rest_route=%2Fwp%2Fv2%2Fmedia&parent=10131"}],"wp:term":[{"taxonomy":"category","embeddable":true,"href":"http:\/\/paroquiagloria.org\/v2\/index.php?rest_route=%2Fwp%2Fv2%2Fcategories&post=10131"},{"taxonomy":"post_tag","embeddable":true,"href":"http:\/\/paroquiagloria.org\/v2\/index.php?rest_route=%2Fwp%2Fv2%2Ftags&post=10131"}],"curies":[{"name":"wp","href":"https:\/\/api.w.org\/{rel}","templated":true}]}}