{"id":10129,"date":"2022-02-12T19:59:32","date_gmt":"2022-02-12T19:59:32","guid":{"rendered":"http:\/\/paroquiagloria.org\/v2\/?p=10129"},"modified":"2022-02-12T19:59:33","modified_gmt":"2022-02-12T19:59:33","slug":"jogos-olimpicos","status":"publish","type":"post","link":"http:\/\/paroquiagloria.org\/v2\/?p=10129","title":{"rendered":"Jogos Ol\u00edmpicos"},"content":{"rendered":"\n<div class=\"wp-block-image\"><figure class=\"aligncenter size-large\"><a href=\"http:\/\/paroquiagloria.org\/v2\/wp-content\/uploads\/2022\/02\/pequim2022_papa.jpg\"><img loading=\"lazy\" width=\"960\" height=\"450\" src=\"http:\/\/paroquiagloria.org\/v2\/wp-content\/uploads\/2022\/02\/pequim2022_papa.jpg\" alt=\"\" class=\"wp-image-10111\" srcset=\"http:\/\/paroquiagloria.org\/v2\/wp-content\/uploads\/2022\/02\/pequim2022_papa.jpg 960w, http:\/\/paroquiagloria.org\/v2\/wp-content\/uploads\/2022\/02\/pequim2022_papa-300x141.jpg 300w, http:\/\/paroquiagloria.org\/v2\/wp-content\/uploads\/2022\/02\/pequim2022_papa-768x360.jpg 768w\" sizes=\"(max-width: 960px) 100vw, 960px\" \/><\/a><\/figure><\/div>\n\n\n\n<p>Est\u00e3o a decorrer na China os Jogos Ol\u00edmpicos de Inverno e o Papa Francisco saudou, h\u00e1 dias, a decis\u00e3o do Comit\u00e9 Ol\u00edmpico Internacional de acrescentar ao lema oficial <strong><em>\u201cCitius, altius, fortius\u201d<\/em><\/strong> (mais r\u00e1pido, mais alto, mais forte) a palavra <strong><em>\u201ccommuniter\u201d<\/em><\/strong> (juntos). Este \u00e9 o objectivo: fazer \u201ccrescer um mundo mais fraterno. Juntos\u201d, sublinhou o Papa.<br>Assim, o lema deste evento multidesportivo vai ao encontro do que se pretende neste tempo de caminhada sinodal: caminhar juntos, com todos dentro e fora da igreja. Para isso \u00e9 importante que cada um manifeste a sua opini\u00e3o aos v\u00e1rios temas que, tamb\u00e9m por estes dias s\u00e3o refletidos na par\u00f3quia e na Igreja em todo o mundo.<\/p>\n","protected":false},"excerpt":{"rendered":"<p>Est\u00e3o a decorrer na China os Jogos Ol\u00edmpicos de Inverno e o Papa Francisco saudou, h\u00e1 dias, a decis\u00e3o do Comit\u00e9 Ol\u00edmpico Internacional de acrescentar ao lema oficial \u201cCitius, altius, fortius\u201d (mais r\u00e1pido, mais alto, mais forte) a palavra \u201ccommuniter\u201d (juntos). Este \u00e9 o objectivo: fazer \u201ccrescer um mundo mais fraterno. Juntos\u201d, sublinhou o Papa.Assim, [&hellip;]<\/p>\n","protected":false},"author":1,"featured_media":10111,"comment_status":"open","ping_status":"closed","sticky":false,"template":"","format":"standard","meta":{"ngg_post_thumbnail":0},"categories":[1,4,2,6],"tags":[],"_links":{"self":[{"href":"http:\/\/paroquiagloria.org\/v2\/index.php?rest_route=\/wp\/v2\/posts\/10129"}],"collection":[{"href":"http:\/\/paroquiagloria.org\/v2\/index.php?rest_route=\/wp\/v2\/posts"}],"about":[{"href":"http:\/\/paroquiagloria.org\/v2\/index.php?rest_route=\/wp\/v2\/types\/post"}],"author":[{"embeddable":true,"href":"http:\/\/paroquiagloria.org\/v2\/index.php?rest_route=\/wp\/v2\/users\/1"}],"replies":[{"embeddable":true,"href":"http:\/\/paroquiagloria.org\/v2\/index.php?rest_route=%2Fwp%2Fv2%2Fcomments&post=10129"}],"version-history":[{"count":1,"href":"http:\/\/paroquiagloria.org\/v2\/index.php?rest_route=\/wp\/v2\/posts\/10129\/revisions"}],"predecessor-version":[{"id":10130,"href":"http:\/\/paroquiagloria.org\/v2\/index.php?rest_route=\/wp\/v2\/posts\/10129\/revisions\/10130"}],"wp:featuredmedia":[{"embeddable":true,"href":"http:\/\/paroquiagloria.org\/v2\/index.php?rest_route=\/wp\/v2\/media\/10111"}],"wp:attachment":[{"href":"http:\/\/paroquiagloria.org\/v2\/index.php?rest_route=%2Fwp%2Fv2%2Fmedia&parent=10129"}],"wp:term":[{"taxonomy":"category","embeddable":true,"href":"http:\/\/paroquiagloria.org\/v2\/index.php?rest_route=%2Fwp%2Fv2%2Fcategories&post=10129"},{"taxonomy":"post_tag","embeddable":true,"href":"http:\/\/paroquiagloria.org\/v2\/index.php?rest_route=%2Fwp%2Fv2%2Ftags&post=10129"}],"curies":[{"name":"wp","href":"https:\/\/api.w.org\/{rel}","templated":true}]}}