{"id":10127,"date":"2022-02-12T19:58:18","date_gmt":"2022-02-12T19:58:18","guid":{"rendered":"http:\/\/paroquiagloria.org\/v2\/?p=10127"},"modified":"2022-02-12T19:58:19","modified_gmt":"2022-02-12T19:58:19","slug":"peditorio-e-novos-elementos","status":"publish","type":"post","link":"http:\/\/paroquiagloria.org\/v2\/?p=10127","title":{"rendered":"Pedit\u00f3rio e novos elementos"},"content":{"rendered":"\n<figure class=\"wp-block-image size-large\"><a href=\"http:\/\/paroquiagloria.org\/v2\/wp-content\/uploads\/2021\/10\/ConferenciaVicentina_IBAN.jpg\"><img loading=\"lazy\" width=\"960\" height=\"450\" src=\"http:\/\/paroquiagloria.org\/v2\/wp-content\/uploads\/2021\/10\/ConferenciaVicentina_IBAN.jpg\" alt=\"\" class=\"wp-image-9743\" srcset=\"http:\/\/paroquiagloria.org\/v2\/wp-content\/uploads\/2021\/10\/ConferenciaVicentina_IBAN.jpg 960w, http:\/\/paroquiagloria.org\/v2\/wp-content\/uploads\/2021\/10\/ConferenciaVicentina_IBAN-300x141.jpg 300w, http:\/\/paroquiagloria.org\/v2\/wp-content\/uploads\/2021\/10\/ConferenciaVicentina_IBAN-768x360.jpg 768w\" sizes=\"(max-width: 960px) 100vw, 960px\" \/><\/a><\/figure>\n\n\n\n<p>As Confer\u00eancias Vicentinas s\u00e3o um grupo de crist\u00e3os leigos que se disponibilizam para ajudar os mais necessitados. Neste momento atravessamos grandes dificuldades a n\u00edvel de colaboradores, pelo que apelamos a todo\/as os que queiram participar nesta miss\u00e3o volunt\u00e1ria que nos contactem. Todas as 1\u00aas 4\u00aas feiras do m\u00eas encontramo-nos das 15 \u00e0s 17 Horas nas nossas instala\u00e7\u00f5es na S\u00e9.<br>No pr\u00f3ximo fim-de-semana (<strong>terceiro do m\u00eas<\/strong>) as vicentinas estar\u00e3o a fazer o pedit\u00f3rio \u00e0 porta, no fim das Eucaristias<\/p>\n\n\n\n<figure class=\"wp-block-image size-large\"><a href=\"http:\/\/paroquiagloria.org\/v2\/wp-content\/uploads\/2021\/10\/banner_Dia-de-Sao-Vicente-de-Paulo.jpg\"><img loading=\"lazy\" width=\"960\" height=\"504\" src=\"http:\/\/paroquiagloria.org\/v2\/wp-content\/uploads\/2021\/10\/banner_Dia-de-Sao-Vicente-de-Paulo.jpg\" alt=\"\" class=\"wp-image-9793\" srcset=\"http:\/\/paroquiagloria.org\/v2\/wp-content\/uploads\/2021\/10\/banner_Dia-de-Sao-Vicente-de-Paulo.jpg 960w, http:\/\/paroquiagloria.org\/v2\/wp-content\/uploads\/2021\/10\/banner_Dia-de-Sao-Vicente-de-Paulo-300x158.jpg 300w, http:\/\/paroquiagloria.org\/v2\/wp-content\/uploads\/2021\/10\/banner_Dia-de-Sao-Vicente-de-Paulo-768x403.jpg 768w\" sizes=\"(max-width: 960px) 100vw, 960px\" \/><\/a><\/figure>\n","protected":false},"excerpt":{"rendered":"<p>As Confer\u00eancias Vicentinas s\u00e3o um grupo de crist\u00e3os leigos que se disponibilizam para ajudar os mais necessitados. Neste momento atravessamos grandes dificuldades a n\u00edvel de colaboradores, pelo que apelamos a todo\/as os que queiram participar nesta miss\u00e3o volunt\u00e1ria que nos contactem. Todas as 1\u00aas 4\u00aas feiras do m\u00eas encontramo-nos das 15 \u00e0s 17 Horas nas [&hellip;]<\/p>\n","protected":false},"author":1,"featured_media":6315,"comment_status":"open","ping_status":"closed","sticky":false,"template":"","format":"standard","meta":{"ngg_post_thumbnail":0},"categories":[1,4,2,6],"tags":[],"_links":{"self":[{"href":"http:\/\/paroquiagloria.org\/v2\/index.php?rest_route=\/wp\/v2\/posts\/10127"}],"collection":[{"href":"http:\/\/paroquiagloria.org\/v2\/index.php?rest_route=\/wp\/v2\/posts"}],"about":[{"href":"http:\/\/paroquiagloria.org\/v2\/index.php?rest_route=\/wp\/v2\/types\/post"}],"author":[{"embeddable":true,"href":"http:\/\/paroquiagloria.org\/v2\/index.php?rest_route=\/wp\/v2\/users\/1"}],"replies":[{"embeddable":true,"href":"http:\/\/paroquiagloria.org\/v2\/index.php?rest_route=%2Fwp%2Fv2%2Fcomments&post=10127"}],"version-history":[{"count":1,"href":"http:\/\/paroquiagloria.org\/v2\/index.php?rest_route=\/wp\/v2\/posts\/10127\/revisions"}],"predecessor-version":[{"id":10128,"href":"http:\/\/paroquiagloria.org\/v2\/index.php?rest_route=\/wp\/v2\/posts\/10127\/revisions\/10128"}],"wp:featuredmedia":[{"embeddable":true,"href":"http:\/\/paroquiagloria.org\/v2\/index.php?rest_route=\/wp\/v2\/media\/6315"}],"wp:attachment":[{"href":"http:\/\/paroquiagloria.org\/v2\/index.php?rest_route=%2Fwp%2Fv2%2Fmedia&parent=10127"}],"wp:term":[{"taxonomy":"category","embeddable":true,"href":"http:\/\/paroquiagloria.org\/v2\/index.php?rest_route=%2Fwp%2Fv2%2Fcategories&post=10127"},{"taxonomy":"post_tag","embeddable":true,"href":"http:\/\/paroquiagloria.org\/v2\/index.php?rest_route=%2Fwp%2Fv2%2Ftags&post=10127"}],"curies":[{"name":"wp","href":"https:\/\/api.w.org\/{rel}","templated":true}]}}