{"id":10123,"date":"2022-02-12T19:52:02","date_gmt":"2022-02-12T19:52:02","guid":{"rendered":"http:\/\/paroquiagloria.org\/v2\/?p=10123"},"modified":"2022-02-12T19:52:04","modified_gmt":"2022-02-12T19:52:04","slug":"celebrar-a-alegria-da-missao","status":"publish","type":"post","link":"http:\/\/paroquiagloria.org\/v2\/?p=10123","title":{"rendered":"Celebrar a alegria da Miss\u00e3o"},"content":{"rendered":"\n<div class=\"wp-block-image\"><figure class=\"aligncenter size-large\"><a href=\"http:\/\/paroquiagloria.org\/v2\/wp-content\/uploads\/2022\/02\/jornada_missionaria.jpg\"><img loading=\"lazy\" width=\"724\" height=\"1024\" src=\"http:\/\/paroquiagloria.org\/v2\/wp-content\/uploads\/2022\/02\/jornada_missionaria.jpg\" alt=\"\" class=\"wp-image-10119\" srcset=\"http:\/\/paroquiagloria.org\/v2\/wp-content\/uploads\/2022\/02\/jornada_missionaria.jpg 724w, http:\/\/paroquiagloria.org\/v2\/wp-content\/uploads\/2022\/02\/jornada_missionaria-212x300.jpg 212w\" sizes=\"(max-width: 724px) 100vw, 724px\" \/><\/a><\/figure><\/div>\n\n\n\n<p>O Servi\u00e7o Diocesano de Anima\u00e7\u00e3o Mission\u00e1ria (SDAM) promove a dinamiza\u00e7\u00e3o da Obra Pontif\u00edcia da Santa Inf\u00e2ncia Mission\u00e1ria na Diocese de Aveiro atrav\u00e9s de grupos de crian\u00e7as e adolescentes que, com encontros mensais e com din\u00e2micas pr\u00f3prias, v\u00e3o rezando, refletindo e agindo em prol de um mundo melhor e na ajuda a outras crian\u00e7as, quer sejam as que est\u00e3o ao seu lado, quer sejam aquelas que vivem em outros a que chamamos pa\u00edses de miss\u00e3o.<br>Sob o lema \u201cCelebrar a alegria da Miss\u00e3o!\u201d pretende-se, com as Jornadas Diocesanas que j\u00e1 v\u00e3o na sua 6\u00aa edi\u00e7\u00e3o (19 de fevereiro 2022; 9h45-17h; par\u00f3quia de S\u00e3o Pedro de Nariz), suscitar nas crian\u00e7as\/adolescentes da nossa Diocese o desejo de partilhar com outras crian\u00e7as\/adolescentes, atrav\u00e9s do conv\u00edvio, da festa e da ora\u00e7\u00e3o, a alegria de ser mission\u00e1rio ao jeito de Jesus, onde quer que estejamos.<br>\u00c9 um encontro aberto a toda a Diocese.<\/p>\n\n\n\n<p><\/p>\n\n\n\n<p><a href=\"http:\/\/www.diocese-aveiro.pt\/v2\/?p=21868\" data-type=\"URL\" data-id=\"http:\/\/www.diocese-aveiro.pt\/v2\/?p=21868\" target=\"_blank\" rel=\"noreferrer noopener\">MAIS INFORMA\u00c7\u00d5ES AQUI<\/a><\/p>\n","protected":false},"excerpt":{"rendered":"<p>O Servi\u00e7o Diocesano de Anima\u00e7\u00e3o Mission\u00e1ria (SDAM) promove a dinamiza\u00e7\u00e3o da Obra Pontif\u00edcia da Santa Inf\u00e2ncia Mission\u00e1ria na Diocese de Aveiro atrav\u00e9s de grupos de crian\u00e7as e adolescentes que, com encontros mensais e com din\u00e2micas pr\u00f3prias, v\u00e3o rezando, refletindo e agindo em prol de um mundo melhor e na ajuda a outras crian\u00e7as, quer sejam [&hellip;]<\/p>\n","protected":false},"author":1,"featured_media":10117,"comment_status":"open","ping_status":"closed","sticky":false,"template":"","format":"standard","meta":{"ngg_post_thumbnail":0},"categories":[1,4,2,6,24],"tags":[],"_links":{"self":[{"href":"http:\/\/paroquiagloria.org\/v2\/index.php?rest_route=\/wp\/v2\/posts\/10123"}],"collection":[{"href":"http:\/\/paroquiagloria.org\/v2\/index.php?rest_route=\/wp\/v2\/posts"}],"about":[{"href":"http:\/\/paroquiagloria.org\/v2\/index.php?rest_route=\/wp\/v2\/types\/post"}],"author":[{"embeddable":true,"href":"http:\/\/paroquiagloria.org\/v2\/index.php?rest_route=\/wp\/v2\/users\/1"}],"replies":[{"embeddable":true,"href":"http:\/\/paroquiagloria.org\/v2\/index.php?rest_route=%2Fwp%2Fv2%2Fcomments&post=10123"}],"version-history":[{"count":1,"href":"http:\/\/paroquiagloria.org\/v2\/index.php?rest_route=\/wp\/v2\/posts\/10123\/revisions"}],"predecessor-version":[{"id":10124,"href":"http:\/\/paroquiagloria.org\/v2\/index.php?rest_route=\/wp\/v2\/posts\/10123\/revisions\/10124"}],"wp:featuredmedia":[{"embeddable":true,"href":"http:\/\/paroquiagloria.org\/v2\/index.php?rest_route=\/wp\/v2\/media\/10117"}],"wp:attachment":[{"href":"http:\/\/paroquiagloria.org\/v2\/index.php?rest_route=%2Fwp%2Fv2%2Fmedia&parent=10123"}],"wp:term":[{"taxonomy":"category","embeddable":true,"href":"http:\/\/paroquiagloria.org\/v2\/index.php?rest_route=%2Fwp%2Fv2%2Fcategories&post=10123"},{"taxonomy":"post_tag","embeddable":true,"href":"http:\/\/paroquiagloria.org\/v2\/index.php?rest_route=%2Fwp%2Fv2%2Ftags&post=10123"}],"curies":[{"name":"wp","href":"https:\/\/api.w.org\/{rel}","templated":true}]}}