{"id":10105,"date":"2022-02-05T19:49:16","date_gmt":"2022-02-05T19:49:16","guid":{"rendered":"http:\/\/paroquiagloria.org\/v2\/?p=10105"},"modified":"2022-02-05T19:49:16","modified_gmt":"2022-02-05T19:49:16","slug":"oracao-de-taize","status":"publish","type":"post","link":"http:\/\/paroquiagloria.org\/v2\/?p=10105","title":{"rendered":"Ora\u00e7\u00e3o de Taiz\u00e9"},"content":{"rendered":"\n<div class=\"wp-block-image\"><figure class=\"aligncenter size-large\"><a href=\"http:\/\/paroquiagloria.org\/v2\/wp-content\/uploads\/2022\/02\/taize3.jpg\"><img loading=\"lazy\" width=\"1024\" height=\"536\" src=\"http:\/\/paroquiagloria.org\/v2\/wp-content\/uploads\/2022\/02\/taize3-1024x536.jpg\" alt=\"\" class=\"wp-image-10093\" srcset=\"http:\/\/paroquiagloria.org\/v2\/wp-content\/uploads\/2022\/02\/taize3-1024x536.jpg 1024w, http:\/\/paroquiagloria.org\/v2\/wp-content\/uploads\/2022\/02\/taize3-300x157.jpg 300w, http:\/\/paroquiagloria.org\/v2\/wp-content\/uploads\/2022\/02\/taize3-768x402.jpg 768w, http:\/\/paroquiagloria.org\/v2\/wp-content\/uploads\/2022\/02\/taize3.jpg 1073w\" sizes=\"(max-width: 1024px) 100vw, 1024px\" \/><\/a><\/figure><\/div>\n\n\n\n<p><strong>No pr\u00f3ximo s\u00e1bado, dia 12 de fevereiro, haver\u00e1 uma ora\u00e7\u00e3o de Taiz\u00e9, pelas 21.30h na S\u00e9<\/strong>, organizada pelos alunos de EMRC da Escola Jos\u00e9 Est\u00eav\u00e3o.<br>A comunidade de Taiz\u00e9, a cerca de 360 quil\u00f3metros de Paris, congrega uma centena de monges, de v\u00e1rias Igrejas crist\u00e3s e de mais de 30 pa\u00edses.<br>Foi fundada a 20 de agosto de 1940, por Roger Schutz, pastor protestante su\u00ed\u00e7o, e come\u00e7ou por acolher perseguidos pol\u00edticos, judeus e mais tarde prisioneiros alem\u00e3es. Atualmente acolhe, todos os meses, centenas de jovens e adultos que procuram fazer uma experi\u00eancia de ora\u00e7\u00e3o e fraternidade.<\/p>\n","protected":false},"excerpt":{"rendered":"<p>No pr\u00f3ximo s\u00e1bado, dia 12 de fevereiro, haver\u00e1 uma ora\u00e7\u00e3o de Taiz\u00e9, pelas 21.30h na S\u00e9, organizada pelos alunos de EMRC da Escola Jos\u00e9 Est\u00eav\u00e3o.A comunidade de Taiz\u00e9, a cerca de 360 quil\u00f3metros de Paris, congrega uma centena de monges, de v\u00e1rias Igrejas crist\u00e3s e de mais de 30 pa\u00edses.Foi fundada a 20 de agosto [&hellip;]<\/p>\n","protected":false},"author":1,"featured_media":10094,"comment_status":"open","ping_status":"closed","sticky":false,"template":"","format":"standard","meta":{"ngg_post_thumbnail":0},"categories":[1,4,2,6],"tags":[],"_links":{"self":[{"href":"http:\/\/paroquiagloria.org\/v2\/index.php?rest_route=\/wp\/v2\/posts\/10105"}],"collection":[{"href":"http:\/\/paroquiagloria.org\/v2\/index.php?rest_route=\/wp\/v2\/posts"}],"about":[{"href":"http:\/\/paroquiagloria.org\/v2\/index.php?rest_route=\/wp\/v2\/types\/post"}],"author":[{"embeddable":true,"href":"http:\/\/paroquiagloria.org\/v2\/index.php?rest_route=\/wp\/v2\/users\/1"}],"replies":[{"embeddable":true,"href":"http:\/\/paroquiagloria.org\/v2\/index.php?rest_route=%2Fwp%2Fv2%2Fcomments&post=10105"}],"version-history":[{"count":1,"href":"http:\/\/paroquiagloria.org\/v2\/index.php?rest_route=\/wp\/v2\/posts\/10105\/revisions"}],"predecessor-version":[{"id":10106,"href":"http:\/\/paroquiagloria.org\/v2\/index.php?rest_route=\/wp\/v2\/posts\/10105\/revisions\/10106"}],"wp:featuredmedia":[{"embeddable":true,"href":"http:\/\/paroquiagloria.org\/v2\/index.php?rest_route=\/wp\/v2\/media\/10094"}],"wp:attachment":[{"href":"http:\/\/paroquiagloria.org\/v2\/index.php?rest_route=%2Fwp%2Fv2%2Fmedia&parent=10105"}],"wp:term":[{"taxonomy":"category","embeddable":true,"href":"http:\/\/paroquiagloria.org\/v2\/index.php?rest_route=%2Fwp%2Fv2%2Fcategories&post=10105"},{"taxonomy":"post_tag","embeddable":true,"href":"http:\/\/paroquiagloria.org\/v2\/index.php?rest_route=%2Fwp%2Fv2%2Ftags&post=10105"}],"curies":[{"name":"wp","href":"https:\/\/api.w.org\/{rel}","templated":true}]}}