{"id":10103,"date":"2022-02-05T19:48:16","date_gmt":"2022-02-05T19:48:16","guid":{"rendered":"http:\/\/paroquiagloria.org\/v2\/?p=10103"},"modified":"2022-02-05T19:48:17","modified_gmt":"2022-02-05T19:48:17","slug":"sabia-que","status":"publish","type":"post","link":"http:\/\/paroquiagloria.org\/v2\/?p=10103","title":{"rendered":"Sabia que&#8230;"},"content":{"rendered":"\n<div class=\"wp-block-image\"><figure class=\"aligncenter size-large\"><a href=\"http:\/\/paroquiagloria.org\/v2\/wp-content\/uploads\/2022\/02\/banner_santaJoana.jpg\"><img loading=\"lazy\" width=\"960\" height=\"450\" src=\"http:\/\/paroquiagloria.org\/v2\/wp-content\/uploads\/2022\/02\/banner_santaJoana.jpg\" alt=\"\" class=\"wp-image-10086\" srcset=\"http:\/\/paroquiagloria.org\/v2\/wp-content\/uploads\/2022\/02\/banner_santaJoana.jpg 960w, http:\/\/paroquiagloria.org\/v2\/wp-content\/uploads\/2022\/02\/banner_santaJoana-300x141.jpg 300w, http:\/\/paroquiagloria.org\/v2\/wp-content\/uploads\/2022\/02\/banner_santaJoana-768x360.jpg 768w\" sizes=\"(max-width: 960px) 100vw, 960px\" \/><\/a><\/figure><\/div>\n\n\n\n<p>Neste Domingo, <strong>dia 6 de fevereiro<\/strong>, faz 570 anos que nasceu S. Joana Princesa, padroeira da nossa cidade e Diocese. Filha de D. Afonso V, nasceu em Lisboa e com 23 anos veio para o Convento de Jesus em Aveiro. Faleceu, as 12 de maio, com 38 anos, com fama de santidade.<br><strong>No dia 12 de cada m\u00eas rezamos na Missa das 8.30h pela sua canoniza\u00e7\u00e3o.<\/strong><\/p>\n","protected":false},"excerpt":{"rendered":"<p>Neste Domingo, dia 6 de fevereiro, faz 570 anos que nasceu S. Joana Princesa, padroeira da nossa cidade e Diocese. Filha de D. Afonso V, nasceu em Lisboa e com 23 anos veio para o Convento de Jesus em Aveiro. Faleceu, as 12 de maio, com 38 anos, com fama de santidade.No dia 12 de [&hellip;]<\/p>\n","protected":false},"author":1,"featured_media":10086,"comment_status":"open","ping_status":"closed","sticky":false,"template":"","format":"standard","meta":{"ngg_post_thumbnail":0},"categories":[1,4,2,6,24],"tags":[],"_links":{"self":[{"href":"http:\/\/paroquiagloria.org\/v2\/index.php?rest_route=\/wp\/v2\/posts\/10103"}],"collection":[{"href":"http:\/\/paroquiagloria.org\/v2\/index.php?rest_route=\/wp\/v2\/posts"}],"about":[{"href":"http:\/\/paroquiagloria.org\/v2\/index.php?rest_route=\/wp\/v2\/types\/post"}],"author":[{"embeddable":true,"href":"http:\/\/paroquiagloria.org\/v2\/index.php?rest_route=\/wp\/v2\/users\/1"}],"replies":[{"embeddable":true,"href":"http:\/\/paroquiagloria.org\/v2\/index.php?rest_route=%2Fwp%2Fv2%2Fcomments&post=10103"}],"version-history":[{"count":1,"href":"http:\/\/paroquiagloria.org\/v2\/index.php?rest_route=\/wp\/v2\/posts\/10103\/revisions"}],"predecessor-version":[{"id":10104,"href":"http:\/\/paroquiagloria.org\/v2\/index.php?rest_route=\/wp\/v2\/posts\/10103\/revisions\/10104"}],"wp:featuredmedia":[{"embeddable":true,"href":"http:\/\/paroquiagloria.org\/v2\/index.php?rest_route=\/wp\/v2\/media\/10086"}],"wp:attachment":[{"href":"http:\/\/paroquiagloria.org\/v2\/index.php?rest_route=%2Fwp%2Fv2%2Fmedia&parent=10103"}],"wp:term":[{"taxonomy":"category","embeddable":true,"href":"http:\/\/paroquiagloria.org\/v2\/index.php?rest_route=%2Fwp%2Fv2%2Fcategories&post=10103"},{"taxonomy":"post_tag","embeddable":true,"href":"http:\/\/paroquiagloria.org\/v2\/index.php?rest_route=%2Fwp%2Fv2%2Ftags&post=10103"}],"curies":[{"name":"wp","href":"https:\/\/api.w.org\/{rel}","templated":true}]}}