{"id":10099,"date":"2022-02-05T19:46:18","date_gmt":"2022-02-05T19:46:18","guid":{"rendered":"http:\/\/paroquiagloria.org\/v2\/?p=10099"},"modified":"2022-02-05T19:47:09","modified_gmt":"2022-02-05T19:47:09","slug":"dia-mundial-do-doente-3","status":"publish","type":"post","link":"http:\/\/paroquiagloria.org\/v2\/?p=10099","title":{"rendered":"Dia Mundial do Doente"},"content":{"rendered":"\n<h2>11 de Fevereiro<\/h2>\n\n\n\n<div class=\"wp-block-image\"><figure class=\"aligncenter size-large\"><a href=\"http:\/\/paroquiagloria.org\/v2\/wp-content\/uploads\/2022\/02\/DMD-2022-CARTAZ-VF.jpg\"><img loading=\"lazy\" width=\"720\" height=\"960\" src=\"http:\/\/paroquiagloria.org\/v2\/wp-content\/uploads\/2022\/02\/DMD-2022-CARTAZ-VF.jpg\" alt=\"\" class=\"wp-image-10091\" srcset=\"http:\/\/paroquiagloria.org\/v2\/wp-content\/uploads\/2022\/02\/DMD-2022-CARTAZ-VF.jpg 720w, http:\/\/paroquiagloria.org\/v2\/wp-content\/uploads\/2022\/02\/DMD-2022-CARTAZ-VF-225x300.jpg 225w\" sizes=\"(max-width: 720px) 100vw, 720px\" \/><\/a><\/figure><\/div>\n\n\n\n<p>Este dia \u00e9 vivido h\u00e1 trinta anos, quando S\u00e3o Jo\u00e3o Paulo II o instituiu para sensibilizar o povo de Deus, as institui\u00e7\u00f5es sanit\u00e1rias cat\u00f3licas e a sociedade civil para a solicitude com os enfermos e quantos cuidam deles.<br>O Papa Francisco defende um acesso universal a servi\u00e7os de sa\u00fade: <em>\u201cPenso sobretudo nas popula\u00e7\u00f5es das zonas mais pobres da Terra, onde por vezes \u00e9 necess\u00e1rio percorrer longas dist\u00e2ncias para encontrar centros de tratamento que, embora com recursos limitados, oferecem tudo o que t\u00eam dispon\u00edvel\u201d<\/em>.<br>O Papa lamenta a falta de disponibilidade de vacinas contra a Covid-19, nos pa\u00edses mais pobres, a que se soma a <em>\u201cfalta de tratamentos para patologias que requerem medicamentos muito mais simples\u201d<\/em>.<br>Apela ainda ao empenho de todos os cat\u00f3licos no campo da Pastoral da Sa\u00fade, a come\u00e7ar pelas visitas aos doentes, e conclui com uma ora\u00e7\u00e3o por todos os profissionais do setor.<\/p>\n\n\n\n<p><\/p>\n\n\n\n<p><a href=\"http:\/\/www.ecclesia.pt\/cnpastoraldasaude\/\" data-type=\"URL\" data-id=\"http:\/\/www.ecclesia.pt\/cnpastoraldasaude\/\" target=\"_blank\" rel=\"noreferrer noopener\">MAIS INFORMA\u00c7\u00d5ES AQUI<\/a><\/p>\n","protected":false},"excerpt":{"rendered":"<p>11 de Fevereiro Este dia \u00e9 vivido h\u00e1 trinta anos, quando S\u00e3o Jo\u00e3o Paulo II o instituiu para sensibilizar o povo de Deus, as institui\u00e7\u00f5es sanit\u00e1rias cat\u00f3licas e a sociedade civil para a solicitude com os enfermos e quantos cuidam deles.O Papa Francisco defende um acesso universal a servi\u00e7os de sa\u00fade: \u201cPenso sobretudo nas popula\u00e7\u00f5es [&hellip;]<\/p>\n","protected":false},"author":1,"featured_media":10095,"comment_status":"open","ping_status":"closed","sticky":false,"template":"","format":"standard","meta":{"ngg_post_thumbnail":0},"categories":[1,4,2,6,24],"tags":[],"_links":{"self":[{"href":"http:\/\/paroquiagloria.org\/v2\/index.php?rest_route=\/wp\/v2\/posts\/10099"}],"collection":[{"href":"http:\/\/paroquiagloria.org\/v2\/index.php?rest_route=\/wp\/v2\/posts"}],"about":[{"href":"http:\/\/paroquiagloria.org\/v2\/index.php?rest_route=\/wp\/v2\/types\/post"}],"author":[{"embeddable":true,"href":"http:\/\/paroquiagloria.org\/v2\/index.php?rest_route=\/wp\/v2\/users\/1"}],"replies":[{"embeddable":true,"href":"http:\/\/paroquiagloria.org\/v2\/index.php?rest_route=%2Fwp%2Fv2%2Fcomments&post=10099"}],"version-history":[{"count":2,"href":"http:\/\/paroquiagloria.org\/v2\/index.php?rest_route=\/wp\/v2\/posts\/10099\/revisions"}],"predecessor-version":[{"id":10102,"href":"http:\/\/paroquiagloria.org\/v2\/index.php?rest_route=\/wp\/v2\/posts\/10099\/revisions\/10102"}],"wp:featuredmedia":[{"embeddable":true,"href":"http:\/\/paroquiagloria.org\/v2\/index.php?rest_route=\/wp\/v2\/media\/10095"}],"wp:attachment":[{"href":"http:\/\/paroquiagloria.org\/v2\/index.php?rest_route=%2Fwp%2Fv2%2Fmedia&parent=10099"}],"wp:term":[{"taxonomy":"category","embeddable":true,"href":"http:\/\/paroquiagloria.org\/v2\/index.php?rest_route=%2Fwp%2Fv2%2Fcategories&post=10099"},{"taxonomy":"post_tag","embeddable":true,"href":"http:\/\/paroquiagloria.org\/v2\/index.php?rest_route=%2Fwp%2Fv2%2Ftags&post=10099"}],"curies":[{"name":"wp","href":"https:\/\/api.w.org\/{rel}","templated":true}]}}