{"id":10097,"date":"2022-02-05T19:44:46","date_gmt":"2022-02-05T19:44:46","guid":{"rendered":"http:\/\/paroquiagloria.org\/v2\/?p=10097"},"modified":"2022-02-05T19:44:47","modified_gmt":"2022-02-05T19:44:47","slug":"exposicao-no-seminario-de-santa-joana-princesa","status":"publish","type":"post","link":"http:\/\/paroquiagloria.org\/v2\/?p=10097","title":{"rendered":"Exposi\u00e7\u00e3o no Semin\u00e1rio de Santa Joana Princesa"},"content":{"rendered":"\n<div class=\"wp-block-image\"><figure class=\"aligncenter size-large\"><a href=\"http:\/\/paroquiagloria.org\/v2\/wp-content\/uploads\/2022\/02\/banner_70ANOSSeminarioSJoana.jpg\"><img loading=\"lazy\" width=\"960\" height=\"450\" src=\"http:\/\/paroquiagloria.org\/v2\/wp-content\/uploads\/2022\/02\/banner_70ANOSSeminarioSJoana.jpg\" alt=\"\" class=\"wp-image-10088\" srcset=\"http:\/\/paroquiagloria.org\/v2\/wp-content\/uploads\/2022\/02\/banner_70ANOSSeminarioSJoana.jpg 960w, http:\/\/paroquiagloria.org\/v2\/wp-content\/uploads\/2022\/02\/banner_70ANOSSeminarioSJoana-300x141.jpg 300w, http:\/\/paroquiagloria.org\/v2\/wp-content\/uploads\/2022\/02\/banner_70ANOSSeminarioSJoana-768x360.jpg 768w\" sizes=\"(max-width: 960px) 100vw, 960px\" \/><\/a><\/figure><\/div>\n\n\n\n<p>Est\u00e1 a decorrer, todos os dias de semana, das 9h30 \u00e0s 17h30, at\u00e9 ao final de Mar\u00e7o, uma exposi\u00e7\u00e3o no Claustro dos Ap\u00f3stolos do Semin\u00e1rio de Santa Joana Princesa, alusiva aos 70 anos desta casa. De facto, no dia 14 de Novembro de 1951, o Semin\u00e1rio de Santa Joana Princesa abriu as portas aos primeiros alunos. Sonhado, acreditamos n\u00f3s, no cora\u00e7\u00e3o de Deus, foi o primeiro Bispo da restaurada Diocese de Aveiro, D. Jo\u00e3o Evangelista de Lima Vidal, o seu principal impulsionador.<br>Hoje queremos continuar a dar a conhecer o Semin\u00e1rio como casa aberta a todos. As dificuldades n\u00e3o desapareceram da vida do Semin\u00e1rio. N\u00e3o obstante, o Semin\u00e1rio continua a ser casa de voca\u00e7\u00e3o, e mesmo sem alunos residentes, continua a procurar acompanhar todos aqueles que se sentem chamados a servir a Igreja como Sinal de Cristo, Bom Pastor.<\/p>\n\n\n\n<p><\/p>\n\n\n\n<p><a href=\"https:\/\/diocese-aveiro.pt\/cultura\/acontece-exposicao-no-seminario-de-santa-joana-princesa-aveiro\/\" data-type=\"URL\" data-id=\"https:\/\/diocese-aveiro.pt\/cultura\/acontece-exposicao-no-seminario-de-santa-joana-princesa-aveiro\/\" target=\"_blank\" rel=\"noreferrer noopener\">ACOMPANHE AS ACTIVIDADES AQUI<\/a><\/p>\n","protected":false},"excerpt":{"rendered":"<p>Est\u00e1 a decorrer, todos os dias de semana, das 9h30 \u00e0s 17h30, at\u00e9 ao final de Mar\u00e7o, uma exposi\u00e7\u00e3o no Claustro dos Ap\u00f3stolos do Semin\u00e1rio de Santa Joana Princesa, alusiva aos 70 anos desta casa. De facto, no dia 14 de Novembro de 1951, o Semin\u00e1rio de Santa Joana Princesa abriu as portas aos primeiros [&hellip;]<\/p>\n","protected":false},"author":1,"featured_media":10088,"comment_status":"open","ping_status":"closed","sticky":false,"template":"","format":"standard","meta":{"ngg_post_thumbnail":0},"categories":[1,4,2,6],"tags":[],"_links":{"self":[{"href":"http:\/\/paroquiagloria.org\/v2\/index.php?rest_route=\/wp\/v2\/posts\/10097"}],"collection":[{"href":"http:\/\/paroquiagloria.org\/v2\/index.php?rest_route=\/wp\/v2\/posts"}],"about":[{"href":"http:\/\/paroquiagloria.org\/v2\/index.php?rest_route=\/wp\/v2\/types\/post"}],"author":[{"embeddable":true,"href":"http:\/\/paroquiagloria.org\/v2\/index.php?rest_route=\/wp\/v2\/users\/1"}],"replies":[{"embeddable":true,"href":"http:\/\/paroquiagloria.org\/v2\/index.php?rest_route=%2Fwp%2Fv2%2Fcomments&post=10097"}],"version-history":[{"count":1,"href":"http:\/\/paroquiagloria.org\/v2\/index.php?rest_route=\/wp\/v2\/posts\/10097\/revisions"}],"predecessor-version":[{"id":10098,"href":"http:\/\/paroquiagloria.org\/v2\/index.php?rest_route=\/wp\/v2\/posts\/10097\/revisions\/10098"}],"wp:featuredmedia":[{"embeddable":true,"href":"http:\/\/paroquiagloria.org\/v2\/index.php?rest_route=\/wp\/v2\/media\/10088"}],"wp:attachment":[{"href":"http:\/\/paroquiagloria.org\/v2\/index.php?rest_route=%2Fwp%2Fv2%2Fmedia&parent=10097"}],"wp:term":[{"taxonomy":"category","embeddable":true,"href":"http:\/\/paroquiagloria.org\/v2\/index.php?rest_route=%2Fwp%2Fv2%2Fcategories&post=10097"},{"taxonomy":"post_tag","embeddable":true,"href":"http:\/\/paroquiagloria.org\/v2\/index.php?rest_route=%2Fwp%2Fv2%2Ftags&post=10097"}],"curies":[{"name":"wp","href":"https:\/\/api.w.org\/{rel}","templated":true}]}}