{"id":10077,"date":"2022-01-29T18:38:25","date_gmt":"2022-01-29T18:38:25","guid":{"rendered":"http:\/\/paroquiagloria.org\/v2\/?p=10077"},"modified":"2022-01-29T18:38:55","modified_gmt":"2022-01-29T18:38:55","slug":"semana-da-vida-consagrada","status":"publish","type":"post","link":"http:\/\/paroquiagloria.org\/v2\/?p=10077","title":{"rendered":"Semana da Vida Consagrada"},"content":{"rendered":"\n<h1><br>de 26 janeiro a 02 de fevereiro<\/h1>\n\n\n\n<h2><em><strong>Lema:<\/strong> \u201cCaminhamos juntos, cuidamos o mundo\u201d<\/em><\/h2>\n\n\n\n<div class=\"wp-block-image\"><figure class=\"aligncenter size-large\"><a href=\"http:\/\/paroquiagloria.org\/v2\/wp-content\/uploads\/2022\/01\/semana-consagrado-total.jpg\"><img loading=\"lazy\" width=\"790\" height=\"951\" src=\"http:\/\/paroquiagloria.org\/v2\/wp-content\/uploads\/2022\/01\/semana-consagrado-total.jpg\" alt=\"\" class=\"wp-image-10071\" srcset=\"http:\/\/paroquiagloria.org\/v2\/wp-content\/uploads\/2022\/01\/semana-consagrado-total.jpg 790w, http:\/\/paroquiagloria.org\/v2\/wp-content\/uploads\/2022\/01\/semana-consagrado-total-249x300.jpg 249w, http:\/\/paroquiagloria.org\/v2\/wp-content\/uploads\/2022\/01\/semana-consagrado-total-768x925.jpg 768w, http:\/\/paroquiagloria.org\/v2\/wp-content\/uploads\/2022\/01\/semana-consagrado-total-140x170.jpg 140w\" sizes=\"(max-width: 790px) 100vw, 790px\" \/><\/a><\/figure><\/div>\n\n\n\n<p>Come\u00e7ou no passado dia <strong>26 de janeiro<\/strong> a Semana dedicada \u00e0 Vida Consagrada.<br>Rezemos juntos a Inten\u00e7\u00e3o para a Semana.<br>Pode encontrar, no site da <strong><a href=\"http:\/\/cirp.pt\/site\/\" data-type=\"URL\" data-id=\"http:\/\/cirp.pt\/site\/\" target=\"_blank\" rel=\"noreferrer noopener\">CIRP <\/a><\/strong>(<a href=\"http:\/\/cirp.pt\/site\/\" target=\"_blank\" rel=\"noreferrer noopener\">http:\/\/cirp.pt\/site\/<\/a>), outros subs\u00eddios para esta semana, como as <a href=\"http:\/\/cirp.pt\/site\/wp-content\/uploads\/2022\/01\/SemanaConsagrado2022_Intencoes.pdf\" data-type=\"URL\" data-id=\"http:\/\/cirp.pt\/site\/wp-content\/uploads\/2022\/01\/SemanaConsagrado2022_Intencoes.pdf\" target=\"_blank\" rel=\"noreferrer noopener\">Inten\u00e7\u00f5es di\u00e1rias<\/a>, a <em><a href=\"http:\/\/cirp.pt\/site\/wp-content\/uploads\/2022\/01\/SemanaConsagrado2022_LectioDivina_a4.pdf\" data-type=\"URL\" data-id=\"http:\/\/cirp.pt\/site\/wp-content\/uploads\/2022\/01\/SemanaConsagrado2022_LectioDivina_a4.pdf\" target=\"_blank\" rel=\"noreferrer noopener\">Lectio Divina<\/a> <\/em>di\u00e1ria, a proposta de <a href=\"http:\/\/cirp.pt\/site\/wp-content\/uploads\/2022\/01\/SemanaConsagrado2022_Oracao.pdf\" data-type=\"URL\" data-id=\"http:\/\/cirp.pt\/site\/wp-content\/uploads\/2022\/01\/SemanaConsagrado2022_Oracao.pdf\" target=\"_blank\" rel=\"noreferrer noopener\">Ora\u00e7\u00e3o<\/a> e o gui\u00e3o para uma <strong><a href=\"http:\/\/cirp.pt\/site\/wp-content\/uploads\/2022\/01\/SemanaConsagrado2022_VigiliaOracao_a4.pdf\" data-type=\"URL\" data-id=\"http:\/\/cirp.pt\/site\/wp-content\/uploads\/2022\/01\/SemanaConsagrado2022_VigiliaOracao_a4.pdf\" target=\"_blank\" rel=\"noreferrer noopener\">Vig\u00edlia de Ora\u00e7\u00e3o<\/a><\/strong>.<\/p>\n\n\n\n<p><\/p>\n\n\n\n<figure class=\"wp-block-pullquote\"><blockquote><p><strong>Inten\u00e7\u00e3o para a Semana:<\/strong><\/p><p>Por todos os consagrados e consagradas para que, fi\u00e9is ao carisma legado pelos seus Fundadores, possam encontrar, hoje, novos caminhos de miss\u00e3o e evangeliza\u00e7\u00e3o, no di\u00e1logo com todos, numa solidariedade humana, vencendo dificuldades e abra\u00e7ando desafios, com a gra\u00e7a de Deus e a luz do Esp\u00edrito Santo.<\/p><\/blockquote><\/figure>\n","protected":false},"excerpt":{"rendered":"<p>de 26 janeiro a 02 de fevereiro Lema: \u201cCaminhamos juntos, cuidamos o mundo\u201d Come\u00e7ou no passado dia 26 de janeiro a Semana dedicada \u00e0 Vida Consagrada.Rezemos juntos a Inten\u00e7\u00e3o para a Semana.Pode encontrar, no site da CIRP (http:\/\/cirp.pt\/site\/), outros subs\u00eddios para esta semana, como as Inten\u00e7\u00f5es di\u00e1rias, a Lectio Divina di\u00e1ria, a proposta de Ora\u00e7\u00e3o [&hellip;]<\/p>\n","protected":false},"author":1,"featured_media":10069,"comment_status":"open","ping_status":"closed","sticky":false,"template":"","format":"standard","meta":{"ngg_post_thumbnail":0},"categories":[1,4,2,24],"tags":[],"_links":{"self":[{"href":"http:\/\/paroquiagloria.org\/v2\/index.php?rest_route=\/wp\/v2\/posts\/10077"}],"collection":[{"href":"http:\/\/paroquiagloria.org\/v2\/index.php?rest_route=\/wp\/v2\/posts"}],"about":[{"href":"http:\/\/paroquiagloria.org\/v2\/index.php?rest_route=\/wp\/v2\/types\/post"}],"author":[{"embeddable":true,"href":"http:\/\/paroquiagloria.org\/v2\/index.php?rest_route=\/wp\/v2\/users\/1"}],"replies":[{"embeddable":true,"href":"http:\/\/paroquiagloria.org\/v2\/index.php?rest_route=%2Fwp%2Fv2%2Fcomments&post=10077"}],"version-history":[{"count":1,"href":"http:\/\/paroquiagloria.org\/v2\/index.php?rest_route=\/wp\/v2\/posts\/10077\/revisions"}],"predecessor-version":[{"id":10078,"href":"http:\/\/paroquiagloria.org\/v2\/index.php?rest_route=\/wp\/v2\/posts\/10077\/revisions\/10078"}],"wp:featuredmedia":[{"embeddable":true,"href":"http:\/\/paroquiagloria.org\/v2\/index.php?rest_route=\/wp\/v2\/media\/10069"}],"wp:attachment":[{"href":"http:\/\/paroquiagloria.org\/v2\/index.php?rest_route=%2Fwp%2Fv2%2Fmedia&parent=10077"}],"wp:term":[{"taxonomy":"category","embeddable":true,"href":"http:\/\/paroquiagloria.org\/v2\/index.php?rest_route=%2Fwp%2Fv2%2Fcategories&post=10077"},{"taxonomy":"post_tag","embeddable":true,"href":"http:\/\/paroquiagloria.org\/v2\/index.php?rest_route=%2Fwp%2Fv2%2Ftags&post=10077"}],"curies":[{"name":"wp","href":"https:\/\/api.w.org\/{rel}","templated":true}]}}