{"id":10060,"date":"2022-01-22T19:42:42","date_gmt":"2022-01-22T19:42:42","guid":{"rendered":"http:\/\/paroquiagloria.org\/v2\/?p=10060"},"modified":"2022-01-22T19:42:43","modified_gmt":"2022-01-22T19:42:43","slug":"o-sinodo-ja-mexe","status":"publish","type":"post","link":"http:\/\/paroquiagloria.org\/v2\/?p=10060","title":{"rendered":"O S\u00cdNODO J\u00c1 MEXE ?"},"content":{"rendered":"\n<div class=\"wp-block-image\"><figure class=\"aligncenter size-large\"><a href=\"http:\/\/paroquiagloria.org\/v2\/wp-content\/uploads\/2022\/01\/banner_sinodo.jpg\"><img loading=\"lazy\" width=\"960\" height=\"450\" src=\"http:\/\/paroquiagloria.org\/v2\/wp-content\/uploads\/2022\/01\/banner_sinodo.jpg\" alt=\"\" class=\"wp-image-10006\" srcset=\"http:\/\/paroquiagloria.org\/v2\/wp-content\/uploads\/2022\/01\/banner_sinodo.jpg 960w, http:\/\/paroquiagloria.org\/v2\/wp-content\/uploads\/2022\/01\/banner_sinodo-300x141.jpg 300w, http:\/\/paroquiagloria.org\/v2\/wp-content\/uploads\/2022\/01\/banner_sinodo-768x360.jpg 768w\" sizes=\"(max-width: 960px) 100vw, 960px\" \/><\/a><\/figure><\/div>\n\n\n\n<p>Podemos dizer tamb\u00e9m sim, em rela\u00e7\u00e3o \u00e0 nossa Par\u00f3quia, mas n\u00e3o o suficiente. Apesar de tudo, estamos a dar passos para apanhar esta &#8220;onda global&#8221;, que vai provocando aqui e ali reac\u00e7\u00f5es bem favor\u00e1veis ao processo sinodal, que o Papa Francisco ardentemente deseja, e que em Outubro de 2023 ter\u00e1 em Roma a sua ultima sess\u00e3o solene.<br>O caminho de ausculta\u00e7\u00e3o e resposta na nossa Par\u00f3quia h\u00e1-de ser determinante neste m\u00eas de Janeiro, sendo disso sinal a constitui\u00e7\u00e3o de grupos de reflex\u00e3o sobre os temas sinodais.<br>Assim, nesta primeira fase, todos os elementos dos grupos com fun\u00e7\u00f5es na Catequese, Liturgia, Ac\u00e7\u00e3o s\u00f3cio-caritativa, Pastoral Familiar e Jovens, est\u00e3o na linha da frente para integrarem os grupos sinodais e responderem \u00e0s quest\u00f5es mais relacionadas com o servi\u00e7o que prestam na Par\u00f3quia.<br>Outros passos vir\u00e3o, mas estes ser\u00e3o dados at\u00e9 5 de Fevereiro, apesar das resist\u00eancias que o covid e outras circunst\u00e2ncias possam provocar.<br>N\u00e3o faltar\u00e3o a ousadia e coragem para realizarmos este trabalho, pois passa tamb\u00e9m por aqui o processo de renova\u00e7\u00e3o de pessoas e estruturas da nossa Par\u00f3quia.<br><\/p>\n\n\n\n<p class=\"has-text-align-right\">P. Fausto<\/p>\n","protected":false},"excerpt":{"rendered":"<p>Podemos dizer tamb\u00e9m sim, em rela\u00e7\u00e3o \u00e0 nossa Par\u00f3quia, mas n\u00e3o o suficiente. Apesar de tudo, estamos a dar passos para apanhar esta &#8220;onda global&#8221;, que vai provocando aqui e ali reac\u00e7\u00f5es bem favor\u00e1veis ao processo sinodal, que o Papa Francisco ardentemente deseja, e que em Outubro de 2023 ter\u00e1 em Roma a sua ultima [&hellip;]<\/p>\n","protected":false},"author":1,"featured_media":10006,"comment_status":"open","ping_status":"closed","sticky":false,"template":"","format":"standard","meta":{"ngg_post_thumbnail":0},"categories":[1,4,2,6,24],"tags":[],"_links":{"self":[{"href":"http:\/\/paroquiagloria.org\/v2\/index.php?rest_route=\/wp\/v2\/posts\/10060"}],"collection":[{"href":"http:\/\/paroquiagloria.org\/v2\/index.php?rest_route=\/wp\/v2\/posts"}],"about":[{"href":"http:\/\/paroquiagloria.org\/v2\/index.php?rest_route=\/wp\/v2\/types\/post"}],"author":[{"embeddable":true,"href":"http:\/\/paroquiagloria.org\/v2\/index.php?rest_route=\/wp\/v2\/users\/1"}],"replies":[{"embeddable":true,"href":"http:\/\/paroquiagloria.org\/v2\/index.php?rest_route=%2Fwp%2Fv2%2Fcomments&post=10060"}],"version-history":[{"count":1,"href":"http:\/\/paroquiagloria.org\/v2\/index.php?rest_route=\/wp\/v2\/posts\/10060\/revisions"}],"predecessor-version":[{"id":10061,"href":"http:\/\/paroquiagloria.org\/v2\/index.php?rest_route=\/wp\/v2\/posts\/10060\/revisions\/10061"}],"wp:featuredmedia":[{"embeddable":true,"href":"http:\/\/paroquiagloria.org\/v2\/index.php?rest_route=\/wp\/v2\/media\/10006"}],"wp:attachment":[{"href":"http:\/\/paroquiagloria.org\/v2\/index.php?rest_route=%2Fwp%2Fv2%2Fmedia&parent=10060"}],"wp:term":[{"taxonomy":"category","embeddable":true,"href":"http:\/\/paroquiagloria.org\/v2\/index.php?rest_route=%2Fwp%2Fv2%2Fcategories&post=10060"},{"taxonomy":"post_tag","embeddable":true,"href":"http:\/\/paroquiagloria.org\/v2\/index.php?rest_route=%2Fwp%2Fv2%2Ftags&post=10060"}],"curies":[{"name":"wp","href":"https:\/\/api.w.org\/{rel}","templated":true}]}}