{"id":10036,"date":"2022-01-15T18:44:42","date_gmt":"2022-01-15T18:44:42","guid":{"rendered":"http:\/\/paroquiagloria.org\/v2\/?p=10036"},"modified":"2022-01-15T18:44:43","modified_gmt":"2022-01-15T18:44:43","slug":"oitavario-de-oracao-pela-unidade-dos-cristaos","status":"publish","type":"post","link":"http:\/\/paroquiagloria.org\/v2\/?p=10036","title":{"rendered":"Oitav\u00e1rio de Ora\u00e7\u00e3o pela Unidade dos Crist\u00e3os"},"content":{"rendered":"\n<div class=\"wp-block-image\"><figure class=\"aligncenter size-large\"><a href=\"http:\/\/paroquiagloria.org\/v2\/wp-content\/uploads\/2022\/01\/SemanaOracaoUnidadeCristaos_small.jpg\"><img loading=\"lazy\" width=\"960\" height=\"540\" src=\"http:\/\/paroquiagloria.org\/v2\/wp-content\/uploads\/2022\/01\/SemanaOracaoUnidadeCristaos_small.jpg\" alt=\"\" class=\"wp-image-10035\" srcset=\"http:\/\/paroquiagloria.org\/v2\/wp-content\/uploads\/2022\/01\/SemanaOracaoUnidadeCristaos_small.jpg 960w, http:\/\/paroquiagloria.org\/v2\/wp-content\/uploads\/2022\/01\/SemanaOracaoUnidadeCristaos_small-300x169.jpg 300w, http:\/\/paroquiagloria.org\/v2\/wp-content\/uploads\/2022\/01\/SemanaOracaoUnidadeCristaos_small-768x432.jpg 768w\" sizes=\"(max-width: 960px) 100vw, 960px\" \/><\/a><\/figure><\/div>\n\n\n\n<p>A Iniciativa decorre entre<strong> 18 e 25 de janeiro<\/strong> com o tema <strong>\u00abVimos a sua estrela no Oriente e viemos prestar-lhe homenagem\u00bb<\/strong>. Uma proposta Conselho das Igrejas do Oriente M\u00e9dio, sediado em Beirute, no L\u00edbano, para evocar a experi\u00eancia dos Reis Magos. \u201cOs crist\u00e3os s\u00e3o chamados a ser para o mundo um sinal de Deus, trazendo essa unidade que Ele deseja. Vindo de diferentes culturas, ra\u00e7as e l\u00ednguas, os crist\u00e3os partilham em comum a busca por Cristo e o desejo de ador\u00e1-lo\u201d.<br>O Papa Francisco vai encerrar a Semana de Ora\u00e7\u00e3o pela Unidade dos Crist\u00e3os, no pr\u00f3ximo dia 25, numa celebra\u00e7\u00e3o das V\u00e9speras na Bas\u00edlica de S\u00e3o Paulo Fora dos Muros, na data da Solenidade da convers\u00e3o do apostolo S\u00e3o Paulo.<br><\/p>\n\n\n\n<p>fonte: <a href=\"https:\/\/agencia.ecclesia.pt\/portal\/ecumenismo-papa-francisco-encerra-semana-de-oracao-pela-unidade-dos-cristaos\/\" target=\"_blank\" rel=\"noreferrer noopener\">https:\/\/agencia.ecclesia.pt\/<\/a><\/p>\n","protected":false},"excerpt":{"rendered":"<p>A Iniciativa decorre entre 18 e 25 de janeiro com o tema \u00abVimos a sua estrela no Oriente e viemos prestar-lhe homenagem\u00bb. Uma proposta Conselho das Igrejas do Oriente M\u00e9dio, sediado em Beirute, no L\u00edbano, para evocar a experi\u00eancia dos Reis Magos. \u201cOs crist\u00e3os s\u00e3o chamados a ser para o mundo um sinal de Deus, [&hellip;]<\/p>\n","protected":false},"author":1,"featured_media":10032,"comment_status":"open","ping_status":"closed","sticky":false,"template":"","format":"standard","meta":{"ngg_post_thumbnail":0},"categories":[1,4,2,6,24],"tags":[],"_links":{"self":[{"href":"http:\/\/paroquiagloria.org\/v2\/index.php?rest_route=\/wp\/v2\/posts\/10036"}],"collection":[{"href":"http:\/\/paroquiagloria.org\/v2\/index.php?rest_route=\/wp\/v2\/posts"}],"about":[{"href":"http:\/\/paroquiagloria.org\/v2\/index.php?rest_route=\/wp\/v2\/types\/post"}],"author":[{"embeddable":true,"href":"http:\/\/paroquiagloria.org\/v2\/index.php?rest_route=\/wp\/v2\/users\/1"}],"replies":[{"embeddable":true,"href":"http:\/\/paroquiagloria.org\/v2\/index.php?rest_route=%2Fwp%2Fv2%2Fcomments&post=10036"}],"version-history":[{"count":1,"href":"http:\/\/paroquiagloria.org\/v2\/index.php?rest_route=\/wp\/v2\/posts\/10036\/revisions"}],"predecessor-version":[{"id":10037,"href":"http:\/\/paroquiagloria.org\/v2\/index.php?rest_route=\/wp\/v2\/posts\/10036\/revisions\/10037"}],"wp:featuredmedia":[{"embeddable":true,"href":"http:\/\/paroquiagloria.org\/v2\/index.php?rest_route=\/wp\/v2\/media\/10032"}],"wp:attachment":[{"href":"http:\/\/paroquiagloria.org\/v2\/index.php?rest_route=%2Fwp%2Fv2%2Fmedia&parent=10036"}],"wp:term":[{"taxonomy":"category","embeddable":true,"href":"http:\/\/paroquiagloria.org\/v2\/index.php?rest_route=%2Fwp%2Fv2%2Fcategories&post=10036"},{"taxonomy":"post_tag","embeddable":true,"href":"http:\/\/paroquiagloria.org\/v2\/index.php?rest_route=%2Fwp%2Fv2%2Ftags&post=10036"}],"curies":[{"name":"wp","href":"https:\/\/api.w.org\/{rel}","templated":true}]}}