{"id":10017,"date":"2022-01-08T20:24:29","date_gmt":"2022-01-08T20:24:29","guid":{"rendered":"http:\/\/paroquiagloria.org\/v2\/?p=10017"},"modified":"2022-01-08T20:24:53","modified_gmt":"2022-01-08T20:24:53","slug":"vocacoes","status":"publish","type":"post","link":"http:\/\/paroquiagloria.org\/v2\/?p=10017","title":{"rendered":"Voca\u00e7\u00f5es"},"content":{"rendered":"\n<div class=\"wp-block-image\"><figure class=\"aligncenter size-large\"><a href=\"http:\/\/paroquiagloria.org\/v2\/wp-content\/uploads\/2022\/01\/banner_rafael_vocac.jpg\"><img loading=\"lazy\" width=\"960\" height=\"450\" src=\"http:\/\/paroquiagloria.org\/v2\/wp-content\/uploads\/2022\/01\/banner_rafael_vocac.jpg\" alt=\"\" class=\"wp-image-10005\" srcset=\"http:\/\/paroquiagloria.org\/v2\/wp-content\/uploads\/2022\/01\/banner_rafael_vocac.jpg 960w, http:\/\/paroquiagloria.org\/v2\/wp-content\/uploads\/2022\/01\/banner_rafael_vocac-300x141.jpg 300w, http:\/\/paroquiagloria.org\/v2\/wp-content\/uploads\/2022\/01\/banner_rafael_vocac-768x360.jpg 768w\" sizes=\"(max-width: 960px) 100vw, 960px\" \/><\/a><\/figure><\/div>\n\n\n\n<p><strong>-Testemunho do Rafael Oliveira, seminarista no 4\u00ba ano:<\/strong><br>No segundo n\u00famero do <a href=\"https:\/\/diocese-aveiro.pt\/vocacoes\/wp-content\/uploads\/2022\/01\/boletim_MIV_02.pdf\" data-type=\"URL\" data-id=\"https:\/\/diocese-aveiro.pt\/vocacoes\/wp-content\/uploads\/2022\/01\/boletim_MIV_02.pdf\" target=\"_blank\" rel=\"noreferrer noopener\">Boletim das voca\u00e7\u00f5es da Diocese<\/a>, surge o testemunho do Rafael.<br>\u201cNo in\u00edcio do meu caminho vocacional, antes de qualquer quest\u00e3o \u2018sobre a voca\u00e7\u00e3o\u2019, deu-se primeiro um encontro com Deus, que descobri presente na minha vida. Embora tenha ouvido falar desde sempre da pessoa de Jesus, s\u00f3 com o tempo pude aprofundar, pela ora\u00e7\u00e3o, uma rela\u00e7\u00e3o \u00edntima de amizade com Ele. Depois, foi gra\u00e7as ao encontro com certas pessoas que Deus foi colocando no meu caminho que pude dar passos concretos nesta hist\u00f3ria com o Senhor (\u2026).\u201d<br><\/p>\n\n\n\n<p>Pode ler o testemunho completo no site das <a rel=\"noreferrer noopener\" href=\"https:\/\/diocese-aveiro.pt\/vocacoes\/\" data-type=\"URL\" data-id=\"https:\/\/diocese-aveiro.pt\/vocacoes\/\" target=\"_blank\">Voca\u00e7\u00f5es<\/a> ou da <a href=\"http:\/\/www.diocese-aveiro.pt\/v2\/?p=21738\" data-type=\"URL\" data-id=\"http:\/\/www.diocese-aveiro.pt\/v2\/?p=21738\" target=\"_blank\" rel=\"noreferrer noopener\">Diocese<\/a>.<br><\/p>\n","protected":false},"excerpt":{"rendered":"<p>-Testemunho do Rafael Oliveira, seminarista no 4\u00ba ano:No segundo n\u00famero do Boletim das voca\u00e7\u00f5es da Diocese, surge o testemunho do Rafael.\u201cNo in\u00edcio do meu caminho vocacional, antes de qualquer quest\u00e3o \u2018sobre a voca\u00e7\u00e3o\u2019, deu-se primeiro um encontro com Deus, que descobri presente na minha vida. Embora tenha ouvido falar desde sempre da pessoa de Jesus, [&hellip;]<\/p>\n","protected":false},"author":1,"featured_media":10005,"comment_status":"open","ping_status":"closed","sticky":false,"template":"","format":"standard","meta":{"ngg_post_thumbnail":0},"categories":[1,4,2,6],"tags":[],"_links":{"self":[{"href":"http:\/\/paroquiagloria.org\/v2\/index.php?rest_route=\/wp\/v2\/posts\/10017"}],"collection":[{"href":"http:\/\/paroquiagloria.org\/v2\/index.php?rest_route=\/wp\/v2\/posts"}],"about":[{"href":"http:\/\/paroquiagloria.org\/v2\/index.php?rest_route=\/wp\/v2\/types\/post"}],"author":[{"embeddable":true,"href":"http:\/\/paroquiagloria.org\/v2\/index.php?rest_route=\/wp\/v2\/users\/1"}],"replies":[{"embeddable":true,"href":"http:\/\/paroquiagloria.org\/v2\/index.php?rest_route=%2Fwp%2Fv2%2Fcomments&post=10017"}],"version-history":[{"count":2,"href":"http:\/\/paroquiagloria.org\/v2\/index.php?rest_route=\/wp\/v2\/posts\/10017\/revisions"}],"predecessor-version":[{"id":10019,"href":"http:\/\/paroquiagloria.org\/v2\/index.php?rest_route=\/wp\/v2\/posts\/10017\/revisions\/10019"}],"wp:featuredmedia":[{"embeddable":true,"href":"http:\/\/paroquiagloria.org\/v2\/index.php?rest_route=\/wp\/v2\/media\/10005"}],"wp:attachment":[{"href":"http:\/\/paroquiagloria.org\/v2\/index.php?rest_route=%2Fwp%2Fv2%2Fmedia&parent=10017"}],"wp:term":[{"taxonomy":"category","embeddable":true,"href":"http:\/\/paroquiagloria.org\/v2\/index.php?rest_route=%2Fwp%2Fv2%2Fcategories&post=10017"},{"taxonomy":"post_tag","embeddable":true,"href":"http:\/\/paroquiagloria.org\/v2\/index.php?rest_route=%2Fwp%2Fv2%2Ftags&post=10017"}],"curies":[{"name":"wp","href":"https:\/\/api.w.org\/{rel}","templated":true}]}}