{"id":10015,"date":"2022-01-08T20:21:26","date_gmt":"2022-01-08T20:21:26","guid":{"rendered":"http:\/\/paroquiagloria.org\/v2\/?p=10015"},"modified":"2022-01-08T20:21:27","modified_gmt":"2022-01-08T20:21:27","slug":"o-espirito-do-senhor-esta-sobre-mim","status":"publish","type":"post","link":"http:\/\/paroquiagloria.org\/v2\/?p=10015","title":{"rendered":"O Esp\u00edrito do Senhor est\u00e1 sobre mim"},"content":{"rendered":"\n<div class=\"wp-block-image\"><figure class=\"aligncenter size-large\"><a href=\"http:\/\/paroquiagloria.org\/v2\/wp-content\/uploads\/2022\/01\/terco_SNSF.jpg\"><img loading=\"lazy\" width=\"526\" height=\"531\" src=\"http:\/\/paroquiagloria.org\/v2\/wp-content\/uploads\/2022\/01\/terco_SNSF.jpg\" alt=\"\" class=\"wp-image-10010\" srcset=\"http:\/\/paroquiagloria.org\/v2\/wp-content\/uploads\/2022\/01\/terco_SNSF.jpg 526w, http:\/\/paroquiagloria.org\/v2\/wp-content\/uploads\/2022\/01\/terco_SNSF-297x300.jpg 297w, http:\/\/paroquiagloria.org\/v2\/wp-content\/uploads\/2022\/01\/terco_SNSF-150x150.jpg 150w\" sizes=\"(max-width: 526px) 100vw, 526px\" \/><\/a><\/figure><\/div>\n\n\n\n<p>A Diocese de Aveiro foi convidada a rezar o ter\u00e7o, na Capelinha das Apari\u00e7\u00f5es, em F\u00e1tima, dia 29 de Janeiro! No \u00e2mbito da dinamiza\u00e7\u00e3o dos dias \u201cVinte23\u201d propomos que naquele dia 29 nos encontremos em F\u00e1tima para uma actividade preparada pelas Servas de Nossa Senhora de F\u00e1tima (snsf) e rezarmos o ter\u00e7o. A actividade ter\u00e1 inicio \u00e0s 15h30 e terminar\u00e1 depois do ter\u00e7o.<\/p>\n\n\n\n<div class=\"wp-block-image\"><figure class=\"aligncenter size-large\"><a href=\"http:\/\/paroquiagloria.org\/v2\/wp-content\/uploads\/2022\/01\/banner_vinte23.png\"><img loading=\"lazy\" width=\"940\" height=\"348\" src=\"http:\/\/paroquiagloria.org\/v2\/wp-content\/uploads\/2022\/01\/banner_vinte23.png\" alt=\"\" class=\"wp-image-10008\" srcset=\"http:\/\/paroquiagloria.org\/v2\/wp-content\/uploads\/2022\/01\/banner_vinte23.png 940w, http:\/\/paroquiagloria.org\/v2\/wp-content\/uploads\/2022\/01\/banner_vinte23-300x111.png 300w, http:\/\/paroquiagloria.org\/v2\/wp-content\/uploads\/2022\/01\/banner_vinte23-768x284.png 768w\" sizes=\"(max-width: 940px) 100vw, 940px\" \/><\/a><\/figure><\/div>\n","protected":false},"excerpt":{"rendered":"<p>A Diocese de Aveiro foi convidada a rezar o ter\u00e7o, na Capelinha das Apari\u00e7\u00f5es, em F\u00e1tima, dia 29 de Janeiro! No \u00e2mbito da dinamiza\u00e7\u00e3o dos dias \u201cVinte23\u201d propomos que naquele dia 29 nos encontremos em F\u00e1tima para uma actividade preparada pelas Servas de Nossa Senhora de F\u00e1tima (snsf) e rezarmos o ter\u00e7o. A actividade ter\u00e1 [&hellip;]<\/p>\n","protected":false},"author":1,"featured_media":10007,"comment_status":"open","ping_status":"closed","sticky":false,"template":"","format":"standard","meta":{"ngg_post_thumbnail":0},"categories":[1,4,2,6,24],"tags":[],"_links":{"self":[{"href":"http:\/\/paroquiagloria.org\/v2\/index.php?rest_route=\/wp\/v2\/posts\/10015"}],"collection":[{"href":"http:\/\/paroquiagloria.org\/v2\/index.php?rest_route=\/wp\/v2\/posts"}],"about":[{"href":"http:\/\/paroquiagloria.org\/v2\/index.php?rest_route=\/wp\/v2\/types\/post"}],"author":[{"embeddable":true,"href":"http:\/\/paroquiagloria.org\/v2\/index.php?rest_route=\/wp\/v2\/users\/1"}],"replies":[{"embeddable":true,"href":"http:\/\/paroquiagloria.org\/v2\/index.php?rest_route=%2Fwp%2Fv2%2Fcomments&post=10015"}],"version-history":[{"count":1,"href":"http:\/\/paroquiagloria.org\/v2\/index.php?rest_route=\/wp\/v2\/posts\/10015\/revisions"}],"predecessor-version":[{"id":10016,"href":"http:\/\/paroquiagloria.org\/v2\/index.php?rest_route=\/wp\/v2\/posts\/10015\/revisions\/10016"}],"wp:featuredmedia":[{"embeddable":true,"href":"http:\/\/paroquiagloria.org\/v2\/index.php?rest_route=\/wp\/v2\/media\/10007"}],"wp:attachment":[{"href":"http:\/\/paroquiagloria.org\/v2\/index.php?rest_route=%2Fwp%2Fv2%2Fmedia&parent=10015"}],"wp:term":[{"taxonomy":"category","embeddable":true,"href":"http:\/\/paroquiagloria.org\/v2\/index.php?rest_route=%2Fwp%2Fv2%2Fcategories&post=10015"},{"taxonomy":"post_tag","embeddable":true,"href":"http:\/\/paroquiagloria.org\/v2\/index.php?rest_route=%2Fwp%2Fv2%2Ftags&post=10015"}],"curies":[{"name":"wp","href":"https:\/\/api.w.org\/{rel}","templated":true}]}}